{"id":85730,"date":"2025-10-13T20:09:44","date_gmt":"2025-10-14T02:09:44","guid":{"rendered":"https:\/\/zonaroja.com.mx\/?p=85730"},"modified":"2025-10-13T20:09:46","modified_gmt":"2025-10-14T02:09:46","slug":"sociedad-civil-reitera-su-rechazo-a-la-presa-margarita-maza","status":"publish","type":"post","link":"https:\/\/zonaroja.com.mx\/?p=85730","title":{"rendered":"Sociedad civil reitera su rechazo a la presa \u201cMargarita Maza\u201d"},"content":{"rendered":"\n<p>Lisbeth Mej\u00eda Reyes\/Zona Roja.<\/p>\n\n\n\n<p>Oaxaca, Oax., a 13 de octubre de 2025.- Debido a la opacidad, a la consulta expr\u00e9s, por tener una manifestaci\u00f3n de impacto ambiental irregular, entre otros factores, el Foro Oaxaque\u00f1o del Agua reiter\u00f3 su rechazo al proyecto de la presa \u201cMargarita Maza\u201d (antes \u201cPaso Ancho\u201d), con el que el gobierno estatal y el federal pretenden solucionar la falta de agua potable en la zona metropolitana de Oaxaca.<\/p>\n\n\n\n<p>En lugar de la presa, que estima costar\u00e1 siete mil 800 millones de pesos, el foro ha propuesto usar un 10 por ciento de ese recurso para cuidar la cordillera norte y aumentar la recarga de agua de lluvia.&nbsp;<\/p>\n\n\n\n<p>Tambi\u00e9n ha planteado apoyar a las comunidades en la conservaci\u00f3n de los bosques, reforestaci\u00f3n y otras pol\u00edticas p\u00fablicas que garanticen el derecho humano al agua, pero no se centren \u00fanicamente en la capital.<\/p>\n\n\n\n<p>Este domingo, durante la jornada de \u00abOaxaca en solidaridad con Palestina\u00bb, la organizaci\u00f3n integrante del Observatorio Ciudadano Comunitario del Agua y Medio Ambiente de los Valles Centrales (OCCAMA), se\u00f1al\u00f3 que los gobiernos buscan concretar el proyecto de la presa \u201cMargarita Maza\u201d sin resolver el conflicto agrario de la zona donde se construir\u00e1 la presa.&nbsp;<\/p>\n\n\n\n<p>\u00abEs una conflicitvidad social de muchos a\u00f1os, que incluye una cuesti\u00f3n agraria muy profunda\u00bb, expuso Mauricio del Villar, integrante del foro, al recordar que este conflicto tambi\u00e9n incidi\u00f3 en el proyecto de la entonces presa \u201cPaso Ancho\u201d. Asimismo, porque el problema puede escalar a las comunidades que sufren de la falta de agua y donde pasar\u00e1 el acueducto para transportar el recurso a la zona metropolitana.<\/p>\n\n\n\n<p>Durante el gobierno de Gabino Cu\u00e9 Monteagudo, aquel proyecto de \u201cPaso Ancho\u201d no avanz\u00f3 por incumplimiento en la normatividad ambiental y por la opacidad en los recursos invertidos.<\/p>\n\n\n\n<p>En septiembre pasado, al exigir al gobierno federal que se retomen las mesas de di\u00e1logo para solucionar el conflicto que data de 1970 y estuvo a punto de resolverse entre 202 y 2023, el Comisariado de Bienes Comunales de San Vicente Coatl\u00e1n advirti\u00f3 con denunciar al Estado Mexicano ante la Comisi\u00f3n Interamericana de Derechos Humanos (CIDH).&nbsp;<\/p>\n\n\n\n<p>Esto por la reiteradas omisiones al conflicto agrario entre este municipio y el de Sola de Vega, en tierras ancestrales de San Vicente donde el gobierno de Oaxaca y el federal construir\u00e1n la presa \u201cMargarita Maza\u201d, antes \u201cPaso Ancho\u201d.<\/p>\n\n\n\n<p>Este domingo, el Foro Oaxaque\u00f1o del Agua detall\u00f3 que el nuevo proyecto de la presa \u201cMargarita Maza\u201d tampoco respeta acuerdos como el de Escaz\u00fa. Este \u00faltimo exige que respete el derecho a un medio ambiente sano garantizado la participaci\u00f3n de la sociedad, el acceso a la informaci\u00f3n y a la justicia y la protecci\u00f3n a defensores ambientales.<\/p>\n\n\n\n<p>En la mesa participaron las organizaciones Lib\u00e9lula Callejera, Hijos del Agua y el Foro Oaxaque\u00f1o del Agua. De esta \u00faltima organizaci\u00f3n, Mauricio del Villar detall\u00f3 que la presa \u201cMargarita Maza\u201d enfrentar\u00e1 tambi\u00e9n la falta de mantenimiento de una red de agua potable con m\u00e1s de 40 a\u00f1os y del que la misma autoridad estatal reconocido que fugas en un 40 por ciento.<\/p>\n\n\n\n<p>En el primer informe de Gobierno de la presidenta Claudia Sheinbaum se contempla a la presa entre los 17 proyectos h\u00eddricos que se realizar\u00e1n en el pa\u00eds en este a\u00f1o.&nbsp;<\/p>\n\n\n\n<p>Uno de estos es el de Oaxaca, que en el documento federal aparece como presa \u00abPaso Ancho\u00bb y que seg\u00fan este tendr\u00e1 una inversi\u00f3n total de 4,600 millones de pesos, 700 millones de pesos de los cuales se \u00a0destinar\u00e1n este a\u00f1o. El beneficio, refiere la federaci\u00f3n, ser\u00e1 para 650 mil habitantes.<\/p>\n\n\n\n<figure class=\"wp-block-embed is-type-rich is-provider-twitter wp-block-embed-twitter\"><div class=\"wp-block-embed__wrapper\">\n<div class=\"twitter-tweet\"><blockquote class=\"twitter-tweet\" data-lang=\"es\"><p lang=\"es\" dir=\"ltr\"><a href=\"https:\/\/twitter.com\/hashtag\/AlMomento?src=hash&amp;ref_src=twsrc%5Etfw\">#AlMomento<\/a> <br>A un costado de la Catedral, ciudad de <a href=\"https:\/\/twitter.com\/hashtag\/Oaxaca?src=hash&amp;ref_src=twsrc%5Etfw\">#Oaxaca<\/a>, organismos de la sociedad civil efectuaron el di\u00e1logo \u201cEl agua como mercanc\u00eda: la presa \u2018Margarita Maza\u2019\u201d, en que reiteraron su postura de cr\u00edtica a este proyecto gubernamental federal y estatal, adem\u00e1s de comentar sus\u2026 <a href=\"https:\/\/t.co\/fgcsjeLIVH\">pic.twitter.com\/fgcsjeLIVH<\/a><\/p>&mdash; Zona Roja Oaxaca (@ZonaRoja_Oaxaca) <a href=\"https:\/\/twitter.com\/ZonaRoja_Oaxaca\/status\/1977462161501987188?ref_src=twsrc%5Etfw\">12 de octubre de 2025<\/a><\/blockquote><\/div>\n<\/div><\/figure>\n","protected":false},"excerpt":{"rendered":"<p>Lisbeth Mej\u00eda Reyes\/Zona Roja. Oaxaca, Oax., a 13 de octubre de 2025.- Debido a la&hellip;<\/p>\n","protected":false},"author":2,"featured_media":85731,"comment_status":"closed","ping_status":"open","sticky":false,"template":"","format":"standard","meta":{"_lmt_disableupdate":"","_lmt_disable":"","_jetpack_memberships_contains_paid_content":false,"footnotes":""},"categories":[109,46],"tags":[4424,3818],"class_list":["post-85730","post","type-post","status-publish","format-standard","has-post-thumbnail","hentry","category-minuto-a-minuto","category-zona-blanca","tag-presa-margarita-maza","tag-presa-paso-ancho-oaxaca"],"jetpack_featured_media_url":"https:\/\/zonaroja.com.mx\/wp-content\/uploads\/2025\/10\/Foro-del-agua-presa-Margarita-Maza.jpg","jetpack_sharing_enabled":true,"_links":{"self":[{"href":"https:\/\/zonaroja.com.mx\/index.php?rest_route=\/wp\/v2\/posts\/85730","targetHints":{"allow":["GET"]}}],"collection":[{"href":"https:\/\/zonaroja.com.mx\/index.php?rest_route=\/wp\/v2\/posts"}],"about":[{"href":"https:\/\/zonaroja.com.mx\/index.php?rest_route=\/wp\/v2\/types\/post"}],"author":[{"embeddable":true,"href":"https:\/\/zonaroja.com.mx\/index.php?rest_route=\/wp\/v2\/users\/2"}],"replies":[{"embeddable":true,"href":"https:\/\/zonaroja.com.mx\/index.php?rest_route=%2Fwp%2Fv2%2Fcomments&post=85730"}],"version-history":[{"count":1,"href":"https:\/\/zonaroja.com.mx\/index.php?rest_route=\/wp\/v2\/posts\/85730\/revisions"}],"predecessor-version":[{"id":85732,"href":"https:\/\/zonaroja.com.mx\/index.php?rest_route=\/wp\/v2\/posts\/85730\/revisions\/85732"}],"wp:featuredmedia":[{"embeddable":true,"href":"https:\/\/zonaroja.com.mx\/index.php?rest_route=\/wp\/v2\/media\/85731"}],"wp:attachment":[{"href":"https:\/\/zonaroja.com.mx\/index.php?rest_route=%2Fwp%2Fv2%2Fmedia&parent=85730"}],"wp:term":[{"taxonomy":"category","embeddable":true,"href":"https:\/\/zonaroja.com.mx\/index.php?rest_route=%2Fwp%2Fv2%2Fcategories&post=85730"},{"taxonomy":"post_tag","embeddable":true,"href":"https:\/\/zonaroja.com.mx\/index.php?rest_route=%2Fwp%2Fv2%2Ftags&post=85730"}],"curies":[{"name":"wp","href":"https:\/\/api.w.org\/{rel}","templated":true}]}}