{"id":85733,"date":"2025-10-13T21:39:38","date_gmt":"2025-10-14T03:39:38","guid":{"rendered":"https:\/\/zonaroja.com.mx\/?p=85733"},"modified":"2025-10-13T21:39:40","modified_gmt":"2025-10-14T03:39:40","slug":"tras-enfrentamiento-entre-transportistas-fiscalia-detiene-a-tres-personas","status":"publish","type":"post","link":"https:\/\/zonaroja.com.mx\/?p=85733","title":{"rendered":"Tras enfrentamiento entre transportistas, Fiscal\u00eda detiene a tres personas"},"content":{"rendered":"\n<p>Raymundo Morales\/Zona Roja.<\/p>\n\n\n\n<p>Oaxaca, Oax., a 13 de octubre de 2025.- Un enfrentamiento entre transportistas ocurri\u00f3 la tarde de este lunes en la avenida S\u00edmbolos Patrios, l\u00edmites de la ciudad de Oaxaca con Santa Cruz Xoxocotl\u00e1n, con saldo preliminar de una mujer lesionada por golpes, adem\u00e1s de registrarse detonaciones de arma de fuego.<\/p>\n\n\n\n<p>Presuntamente la confrontaci\u00f3n entre integrantes de la Confederaci\u00f3n Joven y el Frente Popular \u201c14 de Junio\u201d deriv\u00f3 de un percance vial, tras lo cual arribaron elementos policiacos estatal y municipales.<\/p>\n\n\n\n<p>Asimismo personal de la Fiscal\u00eda General del Estado que tras el operativo, report\u00f3 la detenci\u00f3n de tres personas y el aseguramiento de un taxi, un mototaxi y una motocicleta.<\/p>\n\n\n\n<p>\u201cGracias a la intervenci\u00f3n inmediata de la Polic\u00eda Estatal de la Secretar\u00eda de Seguridad y Protecci\u00f3n Ciudadana y la Fiscal\u00eda General del Estado de Oaxaca (FGEO) se logr\u00f3 la detenci\u00f3n de tres personas,&nbsp; derivado del enfrentamiento entre dos grupos de transportistas que sucedi\u00f3 la tarde de este lunes 13 de octubre de 2025, sobre la avenida S\u00edmbolos Patrios en la zona metropolitana\u201d, inform\u00f3 la Fiscal\u00eda.<\/p>\n\n\n\n<p>Adem\u00e1s de las tres personas detenidas se realiz\u00f3 el aseguramiento de un taxi , un mototaxi y una motocicleta, presuntamente involucradas en estos hechos.<\/p>\n\n\n\n<p>\u201cLa Fiscal\u00eda General del Estado de Oaxaca y la Polic\u00eda Estatal desplegaron equipos de reacci\u00f3n inmediata para atender el evento y dar inicio a la carpeta de investigaci\u00f3n 27317 \/FVCE\/OAXACA\/2025, a cargo de la Vicefiscal\u00eda Regional de Valles Centrales, luego de tomar conocimiento de los hechos\u201d, abund\u00f3 en su comunicado.&nbsp;<\/p>\n\n\n\n<p>Confirm\u00f3 que el altercado ocurri\u00f3 despu\u00e9s de un percance vial en la zona en el que se habr\u00edan visto involucrados veh\u00edculos adheridos a organizaciones de transportistas.<\/p>\n\n\n\n<p>En tanto que los trabajos de investigaci\u00f3n se realizan de manera coordinada con las diferentes instancias que conforman el Mando Metro.<\/p>\n\n\n\n<p>Por su parte, la Secretar\u00eda de Movilidad (Semovi) dio a conocer que se inici\u00f3 el procedimiento legal para retirar la concesi\u00f3n a las unidades del servicio p\u00fablico que se hayan involucrado en los hechos.<\/p>\n","protected":false},"excerpt":{"rendered":"<p>Raymundo Morales\/Zona Roja. Oaxaca, Oax., a 13 de octubre de 2025.- Un enfrentamiento entre transportistas&hellip;<\/p>\n","protected":false},"author":2,"featured_media":85734,"comment_status":"closed","ping_status":"open","sticky":false,"template":"","format":"standard","meta":{"_lmt_disableupdate":"","_lmt_disable":"","_jetpack_memberships_contains_paid_content":false,"footnotes":""},"categories":[109,46],"tags":[494],"class_list":["post-85733","post","type-post","status-publish","format-standard","has-post-thumbnail","hentry","category-minuto-a-minuto","category-zona-blanca","tag-fiscalia-general-del-estado-de-oaxaca"],"jetpack_featured_media_url":"https:\/\/zonaroja.com.mx\/wp-content\/uploads\/2025\/10\/Enfrentamiento-transportistas-avenida-Simbolos-Patrios.jpg","jetpack_sharing_enabled":true,"_links":{"self":[{"href":"https:\/\/zonaroja.com.mx\/index.php?rest_route=\/wp\/v2\/posts\/85733","targetHints":{"allow":["GET"]}}],"collection":[{"href":"https:\/\/zonaroja.com.mx\/index.php?rest_route=\/wp\/v2\/posts"}],"about":[{"href":"https:\/\/zonaroja.com.mx\/index.php?rest_route=\/wp\/v2\/types\/post"}],"author":[{"embeddable":true,"href":"https:\/\/zonaroja.com.mx\/index.php?rest_route=\/wp\/v2\/users\/2"}],"replies":[{"embeddable":true,"href":"https:\/\/zonaroja.com.mx\/index.php?rest_route=%2Fwp%2Fv2%2Fcomments&post=85733"}],"version-history":[{"count":1,"href":"https:\/\/zonaroja.com.mx\/index.php?rest_route=\/wp\/v2\/posts\/85733\/revisions"}],"predecessor-version":[{"id":85735,"href":"https:\/\/zonaroja.com.mx\/index.php?rest_route=\/wp\/v2\/posts\/85733\/revisions\/85735"}],"wp:featuredmedia":[{"embeddable":true,"href":"https:\/\/zonaroja.com.mx\/index.php?rest_route=\/wp\/v2\/media\/85734"}],"wp:attachment":[{"href":"https:\/\/zonaroja.com.mx\/index.php?rest_route=%2Fwp%2Fv2%2Fmedia&parent=85733"}],"wp:term":[{"taxonomy":"category","embeddable":true,"href":"https:\/\/zonaroja.com.mx\/index.php?rest_route=%2Fwp%2Fv2%2Fcategories&post=85733"},{"taxonomy":"post_tag","embeddable":true,"href":"https:\/\/zonaroja.com.mx\/index.php?rest_route=%2Fwp%2Fv2%2Ftags&post=85733"}],"curies":[{"name":"wp","href":"https:\/\/api.w.org\/{rel}","templated":true}]}}