{"id":85736,"date":"2025-10-13T22:30:11","date_gmt":"2025-10-14T04:30:11","guid":{"rendered":"https:\/\/zonaroja.com.mx\/?p=85736"},"modified":"2025-10-13T22:30:13","modified_gmt":"2025-10-14T04:30:13","slug":"grababa-en-un-cine-bajo-la-falda-de-las-mujeres-lo-detuvo-la-policia","status":"publish","type":"post","link":"https:\/\/zonaroja.com.mx\/?p=85736","title":{"rendered":"Grababa en un cine bajo la falda de las mujeres; lo detuvo la polic\u00eda"},"content":{"rendered":"\n<p>Redacci\u00f3n\/Zona Roja.<\/p>\n\n\n\n<p>Oaxaca, Oax., a 13 de octubre de 2025.- Personal de la Secretar\u00eda de Seguridad Vecinal del ayuntamiento de Oaxaca de Ju\u00e1rez efectu\u00f3 la detenci\u00f3n de una persona al ser se\u00f1alada como presunta responsable del delito de violaci\u00f3n a la intimidad sexual.<\/p>\n\n\n\n<p>Los hechos tuvieron lugar el domingo a las 20:45 horas en el estacionamiento del centro comercial Plaza Oaxaca, cuando elementos de la Direcci\u00f3n de Proximidad Social realizaban un operativo de prevenci\u00f3n y vigilancia.<\/p>\n\n\n\n<p>En ese momento, observaron que un joven segu\u00eda a otro sujeto y corr\u00edan en el estacionamiento con direcci\u00f3n hacia ellos.<\/p>\n\n\n\n<p>Al estar frente a la unidad, ambos detuvieron su marcha, en ese momento, el joven se\u00f1al\u00f3 a un sujeto que cargaba un malet\u00edn, como el mismo que momentos antes hab\u00eda grabado a su novia por debajo de su falda.<\/p>\n\n\n\n<p>Explic\u00f3 que, al encontrarse en la fila de la dulcer\u00eda de la sala de cine, el sujeto se acerc\u00f3 a su novia y coloc\u00f3 debajo de ella el malet\u00edn, descubriendo que en una de las esquinas, se observaba un tel\u00e9fono celular.<\/p>\n\n\n\n<p>Por ello, lo encararon, pero este corri\u00f3 y se escondi\u00f3 en el ba\u00f1o por m\u00e1s de cinco minutos, para luego salir y correr hacia el estacionamiento.<\/p>\n\n\n\n<p>Al lugar tambi\u00e9n se present\u00f3 la joven, quien lo se\u00f1al\u00f3 y pidi\u00f3 su detenci\u00f3n.<\/p>\n\n\n\n<p>El presunto responsable dijo llamarse Alfonso L. V. M., de 36 a\u00f1os de edad, a quien le fue asegurado un tel\u00e9fono celular marca iPhone y el malet\u00edn que portaba.<\/p>\n\n\n\n<p>El detenido qued\u00f3 a disposici\u00f3n de la Fiscal\u00eda estatal para determinar su situaci\u00f3n jur\u00eddica.<\/p>\n","protected":false},"excerpt":{"rendered":"<p>Redacci\u00f3n\/Zona Roja. Oaxaca, Oax., a 13 de octubre de 2025.- Personal de la Secretar\u00eda de&hellip;<\/p>\n","protected":false},"author":2,"featured_media":85720,"comment_status":"closed","ping_status":"open","sticky":false,"template":"","format":"standard","meta":{"_lmt_disableupdate":"","_lmt_disable":"","_jetpack_memberships_contains_paid_content":false,"footnotes":""},"categories":[109,46],"tags":[148],"class_list":["post-85736","post","type-post","status-publish","format-standard","has-post-thumbnail","hentry","category-minuto-a-minuto","category-zona-blanca","tag-oaxaca-de-juarez"],"jetpack_featured_media_url":"https:\/\/zonaroja.com.mx\/wp-content\/uploads\/2025\/10\/Detenido-cine-ciudad-de-Oaxaca.jpg","jetpack_sharing_enabled":true,"_links":{"self":[{"href":"https:\/\/zonaroja.com.mx\/index.php?rest_route=\/wp\/v2\/posts\/85736","targetHints":{"allow":["GET"]}}],"collection":[{"href":"https:\/\/zonaroja.com.mx\/index.php?rest_route=\/wp\/v2\/posts"}],"about":[{"href":"https:\/\/zonaroja.com.mx\/index.php?rest_route=\/wp\/v2\/types\/post"}],"author":[{"embeddable":true,"href":"https:\/\/zonaroja.com.mx\/index.php?rest_route=\/wp\/v2\/users\/2"}],"replies":[{"embeddable":true,"href":"https:\/\/zonaroja.com.mx\/index.php?rest_route=%2Fwp%2Fv2%2Fcomments&post=85736"}],"version-history":[{"count":1,"href":"https:\/\/zonaroja.com.mx\/index.php?rest_route=\/wp\/v2\/posts\/85736\/revisions"}],"predecessor-version":[{"id":85737,"href":"https:\/\/zonaroja.com.mx\/index.php?rest_route=\/wp\/v2\/posts\/85736\/revisions\/85737"}],"wp:featuredmedia":[{"embeddable":true,"href":"https:\/\/zonaroja.com.mx\/index.php?rest_route=\/wp\/v2\/media\/85720"}],"wp:attachment":[{"href":"https:\/\/zonaroja.com.mx\/index.php?rest_route=%2Fwp%2Fv2%2Fmedia&parent=85736"}],"wp:term":[{"taxonomy":"category","embeddable":true,"href":"https:\/\/zonaroja.com.mx\/index.php?rest_route=%2Fwp%2Fv2%2Fcategories&post=85736"},{"taxonomy":"post_tag","embeddable":true,"href":"https:\/\/zonaroja.com.mx\/index.php?rest_route=%2Fwp%2Fv2%2Ftags&post=85736"}],"curies":[{"name":"wp","href":"https:\/\/api.w.org\/{rel}","templated":true}]}}