{"id":85743,"date":"2025-10-14T08:00:00","date_gmt":"2025-10-14T14:00:00","guid":{"rendered":"https:\/\/zonaroja.com.mx\/?p=85743"},"modified":"2025-10-14T06:53:30","modified_gmt":"2025-10-14T12:53:30","slug":"denuncian-a-mando-militar-en-el-istmo-por-abusos-y-hostigamiento","status":"publish","type":"post","link":"https:\/\/zonaroja.com.mx\/?p=85743","title":{"rendered":"Denuncian a mando militar en el Istmo por abusos y hostigamiento"},"content":{"rendered":"\n<p>Raymundo Morales\/Zona Roja.<\/p>\n\n\n\n<p>Oaxaca, Oax., a 14 de octubre de 2025.- Un grupo de campesinos de la regi\u00f3n del Istmo de Tehuantepec denunci\u00f3 a un mando de la Secretar\u00eda de la Defensa Nacional (Defensa) por presuntos abusos de autoridad.<\/p>\n\n\n\n<p>Se trata del Sargento Segundo de Caballer\u00eda, Jos\u00e9 Humberto Mora Campos que, seg\u00fan difundieron este lunes, ha provocado miedo a diversas comunidades de la zona norte de esa regi\u00f3n de Oaxaca.<\/p>\n\n\n\n<p>Demandaron a la Comisi\u00f3n Nacional de los Derechos Humanos (CNDH), as\u00ed como a los altos mandos del Ej\u00e9rcito Mexicano, investigue las acciones de dicha persona, pues encabeza patrullajes militares que ingresan sin orden judicial a predios ganaderos y viviendas humildes, bajo el argumento de combatir a la delincuencia.&nbsp;<\/p>\n\n\n\n<p>Los campesinos se\u00f1alan que los efectivos act\u00faan con violencia e intimidaci\u00f3n, realizando revisiones arbitrarias y causando temor entre la poblaci\u00f3n.<\/p>\n\n\n\n<p>Algunos de estos hechos fueron videograbados por los campesinos, quienes documentaron c\u00f3mo los militares irrump\u00edan en propiedades privadas.&nbsp;<\/p>\n\n\n\n<p>Dicho material, junto con las declaraciones de los afectados, fue entregado a organismos de derechos humanos para respaldar la denuncia formal.<\/p>\n\n\n\n<p>Ante las quejas p\u00fablicas y el creciente descontento, el sargento habr\u00eda lanzado amenazas contra habitantes de la zona, lo que agrav\u00f3 el clima de tensi\u00f3n.<\/p>\n\n\n\n<p>Fuentes de las comunidades aseguran adem\u00e1s que Mora Campos mantiene presuntos v\u00ednculos con grupos del crimen organizado, ya que, pese a conocer los llamados \u201cpuntos rojos\u201d \u2014donde operan extorsionadores y narcovendedores\u2014, no se registran detenciones ni operativos efectivos en dichos lugares. Por estos se\u00f1alamientos, el militar enfrenta investigaciones abiertas por presunto abuso de autoridad y colusi\u00f3n con la delincuencia.<\/p>\n","protected":false},"excerpt":{"rendered":"<p>Raymundo Morales\/Zona Roja. Oaxaca, Oax., a 14 de octubre de 2025.- Un grupo de campesinos&hellip;<\/p>\n","protected":false},"author":2,"featured_media":85744,"comment_status":"closed","ping_status":"open","sticky":false,"template":"","format":"standard","meta":{"_lmt_disableupdate":"","_lmt_disable":"","_jetpack_memberships_contains_paid_content":false,"footnotes":""},"categories":[109,47],"tags":[],"class_list":["post-85743","post","type-post","status-publish","format-standard","has-post-thumbnail","hentry","category-minuto-a-minuto","category-zona-gris"],"jetpack_featured_media_url":"https:\/\/zonaroja.com.mx\/wp-content\/uploads\/2025\/10\/Denuncia-militares-zona-oriente-Istmo.jpg","jetpack_sharing_enabled":true,"_links":{"self":[{"href":"https:\/\/zonaroja.com.mx\/index.php?rest_route=\/wp\/v2\/posts\/85743","targetHints":{"allow":["GET"]}}],"collection":[{"href":"https:\/\/zonaroja.com.mx\/index.php?rest_route=\/wp\/v2\/posts"}],"about":[{"href":"https:\/\/zonaroja.com.mx\/index.php?rest_route=\/wp\/v2\/types\/post"}],"author":[{"embeddable":true,"href":"https:\/\/zonaroja.com.mx\/index.php?rest_route=\/wp\/v2\/users\/2"}],"replies":[{"embeddable":true,"href":"https:\/\/zonaroja.com.mx\/index.php?rest_route=%2Fwp%2Fv2%2Fcomments&post=85743"}],"version-history":[{"count":1,"href":"https:\/\/zonaroja.com.mx\/index.php?rest_route=\/wp\/v2\/posts\/85743\/revisions"}],"predecessor-version":[{"id":85745,"href":"https:\/\/zonaroja.com.mx\/index.php?rest_route=\/wp\/v2\/posts\/85743\/revisions\/85745"}],"wp:featuredmedia":[{"embeddable":true,"href":"https:\/\/zonaroja.com.mx\/index.php?rest_route=\/wp\/v2\/media\/85744"}],"wp:attachment":[{"href":"https:\/\/zonaroja.com.mx\/index.php?rest_route=%2Fwp%2Fv2%2Fmedia&parent=85743"}],"wp:term":[{"taxonomy":"category","embeddable":true,"href":"https:\/\/zonaroja.com.mx\/index.php?rest_route=%2Fwp%2Fv2%2Fcategories&post=85743"},{"taxonomy":"post_tag","embeddable":true,"href":"https:\/\/zonaroja.com.mx\/index.php?rest_route=%2Fwp%2Fv2%2Ftags&post=85743"}],"curies":[{"name":"wp","href":"https:\/\/api.w.org\/{rel}","templated":true}]}}