{"id":85748,"date":"2025-10-14T09:00:00","date_gmt":"2025-10-14T15:00:00","guid":{"rendered":"https:\/\/zonaroja.com.mx\/?p=85748"},"modified":"2025-10-14T07:36:39","modified_gmt":"2025-10-14T13:36:39","slug":"reconoce-gobernador-cumplimiento-de-la-ley-de-revocacion-de-mandato","status":"publish","type":"post","link":"https:\/\/zonaroja.com.mx\/?p=85748","title":{"rendered":"Reconoce gobernador cumplimiento de la Ley de Revocaci\u00f3n de Mandato\u00a0"},"content":{"rendered":"\n<p>Redacci\u00f3n\/Zona Roja.<\/p>\n\n\n\n<p>Oaxaca, Oax., a 14 de octubre de 2025. El gobernador Salom\u00f3n Jara Cruz destac\u00f3 el avance en el cumplimiento de la Ley de Revocaci\u00f3n de Mandato, que pone al centro, la participaci\u00f3n ciudadana en la toma de decisiones respecto a la continuidad o la culminaci\u00f3n de la gesti\u00f3n de un gobernante.<\/p>\n\n\n\n<p>En conferencia de prensa de ayer, expres\u00f3 que con la aprobaci\u00f3n por parte del Instituto Estatal Electoral y de Participaci\u00f3n Ciudadana de Oaxaca (IEEPCO), de los lineamientos que regir\u00e1n la consulta ciudadana sobre este proceso democr\u00e1tico, el pueblo podr\u00e1 ejercer su derecho a evaluar a las personas que gobiernan, en este caso, al titular del Poder Ejecutivo del Estado.<\/p>\n\n\n\n<p>\u00abCelebro que la autoridad electoral avance con los lineamientos que permitir\u00e1n dar inicio a la etapa de emisi\u00f3n de formatos y acreditaci\u00f3n de las personas que van a proceder con la recolecci\u00f3n de firmas\u00bb, expres\u00f3.<\/p>\n\n\n\n<p>En su oportunidad, el titular de la Consejer\u00eda Jur\u00eddica y Asistencia Legal, Geovany V\u00e1squez Sagrego, explic\u00f3 que esta figura es un derecho ciudadano, cuyas personas que deseen ser promoventes para que se lleve a cabo esta consulta deber\u00e1n registrarse del 11 al 31 de octubre ante el IEEPCO.<\/p>\n\n\n\n<p>Como parte de este proceso deber\u00e1n recabar el 10 por ciento de las firmas del listado nominal en 286 municipios.<\/p>\n\n\n\n<p>SIN AFECTACI\u00d3N<\/p>\n\n\n\n<p>Por otra parte, el Gobierno del Estado asegur\u00f3 que no tiene pretensi\u00f3n de afectar a las y los trabajadores con una carga tributaria, que vaya en detrimento de sus ingresos salariales y advirti\u00f3 que quienes han expuesto lo contrario obedecen a intereses particulares y pol\u00edticos.<\/p>\n\n\n\n<p>\u201cEs pura mentira, es un grupo que no tiene ning\u00fan argumento, ninguna validez. Los est\u00e1n enga\u00f1ando, no es cierto lo del Impuesto Sobre la Renta y que se les est\u00e1 dando una tarjeta\u201d, expuso en su conferencia de prensa.<\/p>\n\n\n\n<p>El mandatario estatal coment\u00f3 que esta postura oficial ya fue confirmada por la dirigencia del Sindicato de Trabajadores de los Poderes del Estado e Instituciones Descentralizadas de Car\u00e1cter Estatal de Oaxaca (STPEIDCEO) en un comunicado.&nbsp;<\/p>\n\n\n\n<p>La administraci\u00f3n de Salom\u00f3n Jara ha mantenido mesas de trabajo con las y los representantes sindicales para encontrar una propuesta conjunta con base a la reforma fiscal presentada este a\u00f1o; en tanto, cualquier medida de orden fiscal a la que la ley obliga, estar\u00e1 apegada derecho y ordenamientos del Sistema de Administraci\u00f3n Tributaria (SAT).<\/p>\n","protected":false},"excerpt":{"rendered":"<p>Redacci\u00f3n\/Zona Roja. Oaxaca, Oax., a 14 de octubre de 2025. El gobernador Salom\u00f3n Jara Cruz&hellip;<\/p>\n","protected":false},"author":2,"featured_media":85749,"comment_status":"closed","ping_status":"open","sticky":false,"template":"","format":"standard","meta":{"_lmt_disableupdate":"","_lmt_disable":"","_jetpack_memberships_contains_paid_content":false,"footnotes":""},"categories":[109,46],"tags":[939],"class_list":["post-85748","post","type-post","status-publish","format-standard","has-post-thumbnail","hentry","category-minuto-a-minuto","category-zona-blanca","tag-salomon-jara-cruz"],"jetpack_featured_media_url":"https:\/\/zonaroja.com.mx\/wp-content\/uploads\/2025\/10\/GOBERNADOR-REVOCACION-DE-MANDATO.jpeg","jetpack_sharing_enabled":true,"_links":{"self":[{"href":"https:\/\/zonaroja.com.mx\/index.php?rest_route=\/wp\/v2\/posts\/85748","targetHints":{"allow":["GET"]}}],"collection":[{"href":"https:\/\/zonaroja.com.mx\/index.php?rest_route=\/wp\/v2\/posts"}],"about":[{"href":"https:\/\/zonaroja.com.mx\/index.php?rest_route=\/wp\/v2\/types\/post"}],"author":[{"embeddable":true,"href":"https:\/\/zonaroja.com.mx\/index.php?rest_route=\/wp\/v2\/users\/2"}],"replies":[{"embeddable":true,"href":"https:\/\/zonaroja.com.mx\/index.php?rest_route=%2Fwp%2Fv2%2Fcomments&post=85748"}],"version-history":[{"count":1,"href":"https:\/\/zonaroja.com.mx\/index.php?rest_route=\/wp\/v2\/posts\/85748\/revisions"}],"predecessor-version":[{"id":85750,"href":"https:\/\/zonaroja.com.mx\/index.php?rest_route=\/wp\/v2\/posts\/85748\/revisions\/85750"}],"wp:featuredmedia":[{"embeddable":true,"href":"https:\/\/zonaroja.com.mx\/index.php?rest_route=\/wp\/v2\/media\/85749"}],"wp:attachment":[{"href":"https:\/\/zonaroja.com.mx\/index.php?rest_route=%2Fwp%2Fv2%2Fmedia&parent=85748"}],"wp:term":[{"taxonomy":"category","embeddable":true,"href":"https:\/\/zonaroja.com.mx\/index.php?rest_route=%2Fwp%2Fv2%2Fcategories&post=85748"},{"taxonomy":"post_tag","embeddable":true,"href":"https:\/\/zonaroja.com.mx\/index.php?rest_route=%2Fwp%2Fv2%2Ftags&post=85748"}],"curies":[{"name":"wp","href":"https:\/\/api.w.org\/{rel}","templated":true}]}}