{"id":85753,"date":"2025-10-14T10:30:00","date_gmt":"2025-10-14T16:30:00","guid":{"rendered":"https:\/\/zonaroja.com.mx\/?p=85753"},"modified":"2025-10-14T09:04:29","modified_gmt":"2025-10-14T15:04:29","slug":"recuperan-policias-de-santa-lucia-del-camino-una-moto-robada","status":"publish","type":"post","link":"https:\/\/zonaroja.com.mx\/?p=85753","title":{"rendered":"Recuperan polic\u00edas de Santa Luc\u00eda del Camino una moto robada"},"content":{"rendered":"\n<p>Redacci\u00f3n\/Zona Roja.<\/p>\n\n\n\n<p>Oaxaca, Oax., a 14 de octubre de 2025.\u2013 En menos de seis horas, la polic\u00eda municipal de Santa Luc\u00eda del Camino recuper\u00f3 una motocicleta robada.<\/p>\n\n\n\n<p>Por la ma\u00f1ana, una llamada al Centro de Control y Comando (C2) reportaba el robo de una motocicleta en la colonia Ampliaci\u00f3n Santa Luc\u00eda.<\/p>\n\n\n\n<p>De inmediato se activaron los elementos policiacos y pasado el mediod\u00eda en un operativo conjunto entre la Polic\u00eda Municipal y la Polic\u00eda Estatal, fue detenido Jairo Josu\u00e9 C.V., de 19 a\u00f1os, como probable responsable del delito de posesi\u00f3n de una motocicleta con reporte de robo.&nbsp;<\/p>\n\n\n\n<p>El s\u00e1bado 11 de octubre, a las 07:000 horas al C2 Santa Luc\u00eda se recibi\u00f3 una llamada telef\u00f3nica la cual reportaba el robo de una motocicleta Italika 2026, modelo Dm 250, color verde con negro, la cual fue robada en la colonia Ampliaci\u00f3n Santa Luc\u00eda.<\/p>\n\n\n\n<p>La parte afectada inform\u00f3 que la noche anterior hab\u00eda dejado la moto estacionada afuera de su domicilio y por la ma\u00f1ana ya no estaba.<\/p>\n\n\n\n<p>Y como parte de los acuerdos en las mesas de seguridad con los tres niveles de gobierno encabezadas por el mandatario Salom\u00f3n Jara Cruz se realizan diversas acciones conjuntas.<\/p>\n\n\n\n<p>Tal es el caso del operativo \u00abSellamiento: Cero Tolerancia a la Delincuencia\u00bb a cargo de la Polic\u00eda Municipal y Estatal en Santa Luc\u00eda del Camino.<\/p>\n\n\n\n<p>Por ello, aproximadamente a las 13:30 horas, durante dicho operativo, los elementos policiales circulaban por la avenida L\u00e1zaro C\u00e1rdenas y al llegar a la altura de la calle Mandimbo, visualizaron a un joven a bordo de una motocicleta con las caracter\u00edstica de la unidad robada por la ma\u00f1ana.&nbsp;<\/p>\n\n\n\n<p>Al notar la presencia policial, el sujeto intent\u00f3 evadirlos conduciendo de manera imprudente. Ante esta actitud, los agentes activaron los c\u00f3digos de emergencia y, a trav\u00e9s del autoparlante, le solicitaron detenerse.&nbsp;<\/p>\n\n\n\n<p>Al ser interceptado, el joven no pudo presentar documentaci\u00f3n personal ni de la unidad, adem\u00e1s de mostrarse renuente. Por estos motivos, fue detenido como probable responsable del delito de posesi\u00f3n de una motocicleta con reporte de robo y puesto a disposici\u00f3n del \u00e1rea de Robo de Veh\u00edculos de la Fiscal\u00eda General del Estado de Oaxaca, para determinar su situaci\u00f3n jur\u00eddica.<\/p>\n\n\n\n<p>El presidente municipal Juan Carlos Garc\u00eda M\u00e1rquez inform\u00f3 que realizan diversos operativos y filtros de seguridad contemplados en las mesas de seguridad; as\u00ed mismo exhort\u00f3 a la ciudadan\u00eda a denunciar cualquier hecho delictivo y puso a disposici\u00f3n los n\u00fameros de emergencia del Centro de Control y Comando (C2 Santa Luc\u00eda):<\/p>\n\n\n\n<p>\ud83d\udcde 951 183 1780<\/p>\n\n\n\n<p>\ud83d\udcde 951 207 2443<\/p>\n\n\n\n<p>\ud83d\udcde 951 517 7484<\/p>\n\n\n\n<p>\ud83d\udcf2 WhatsApp (solo fotos y videos): 951 231 9009.<\/p>\n","protected":false},"excerpt":{"rendered":"<p>Redacci\u00f3n\/Zona Roja. Oaxaca, Oax., a 14 de octubre de 2025.\u2013 En menos de seis horas,&hellip;<\/p>\n","protected":false},"author":2,"featured_media":85754,"comment_status":"closed","ping_status":"open","sticky":false,"template":"","format":"standard","meta":{"_lmt_disableupdate":"","_lmt_disable":"","_jetpack_memberships_contains_paid_content":false,"footnotes":""},"categories":[109,46],"tags":[337],"class_list":["post-85753","post","type-post","status-publish","format-standard","has-post-thumbnail","hentry","category-minuto-a-minuto","category-zona-blanca","tag-santa-lucia-del-camino"],"jetpack_featured_media_url":"https:\/\/zonaroja.com.mx\/wp-content\/uploads\/2025\/10\/Detenido-Santa-Lucia-del-Camino.jpg","jetpack_sharing_enabled":true,"_links":{"self":[{"href":"https:\/\/zonaroja.com.mx\/index.php?rest_route=\/wp\/v2\/posts\/85753","targetHints":{"allow":["GET"]}}],"collection":[{"href":"https:\/\/zonaroja.com.mx\/index.php?rest_route=\/wp\/v2\/posts"}],"about":[{"href":"https:\/\/zonaroja.com.mx\/index.php?rest_route=\/wp\/v2\/types\/post"}],"author":[{"embeddable":true,"href":"https:\/\/zonaroja.com.mx\/index.php?rest_route=\/wp\/v2\/users\/2"}],"replies":[{"embeddable":true,"href":"https:\/\/zonaroja.com.mx\/index.php?rest_route=%2Fwp%2Fv2%2Fcomments&post=85753"}],"version-history":[{"count":1,"href":"https:\/\/zonaroja.com.mx\/index.php?rest_route=\/wp\/v2\/posts\/85753\/revisions"}],"predecessor-version":[{"id":85755,"href":"https:\/\/zonaroja.com.mx\/index.php?rest_route=\/wp\/v2\/posts\/85753\/revisions\/85755"}],"wp:featuredmedia":[{"embeddable":true,"href":"https:\/\/zonaroja.com.mx\/index.php?rest_route=\/wp\/v2\/media\/85754"}],"wp:attachment":[{"href":"https:\/\/zonaroja.com.mx\/index.php?rest_route=%2Fwp%2Fv2%2Fmedia&parent=85753"}],"wp:term":[{"taxonomy":"category","embeddable":true,"href":"https:\/\/zonaroja.com.mx\/index.php?rest_route=%2Fwp%2Fv2%2Fcategories&post=85753"},{"taxonomy":"post_tag","embeddable":true,"href":"https:\/\/zonaroja.com.mx\/index.php?rest_route=%2Fwp%2Fv2%2Ftags&post=85753"}],"curies":[{"name":"wp","href":"https:\/\/api.w.org\/{rel}","templated":true}]}}