{"id":85758,"date":"2025-10-14T13:12:00","date_gmt":"2025-10-14T19:12:00","guid":{"rendered":"https:\/\/zonaroja.com.mx\/?p=85758"},"modified":"2025-10-14T09:22:18","modified_gmt":"2025-10-14T15:22:18","slug":"opinion-revocacion-las-reglas-del-ieepco","status":"publish","type":"post","link":"https:\/\/zonaroja.com.mx\/?p=85758","title":{"rendered":"Opini\u00f3n. Revocaci\u00f3n: las reglas del IEEPCO"},"content":{"rendered":"\n<p>Isidoro Yescas*<\/p>\n\n\n\n<p>De los documentos aprobados por el Consejo General del IEEPCO para el proceso de Revocaci\u00f3n de Mandato, vale la pena comentar algunas de las disposiciones contenidas en los lineamientos, en tanto ser\u00e1n la gu\u00eda antes, durante y despu\u00e9s de la consulta ciudadana, asumiendo que esto \u00faltimo pueda ocurrir bajo dos escenarios: primero, con las reformas a modo aprobadas en el mes de septiembre de este a\u00f1o por el Congreso local para reducir los tiempos para la recolecci\u00f3n de firmas ciudadanas y para adelantar la fecha de la consulta y,\u00a0segundo,\u00a0si proceden los recursos de inconstitucionalidad presentados por el PT y el MC, para que el proceso se ci\u00f1a a lo establecido en las disposiciones constitucionales y legales que estuvieron vigentes hasta antes de las reformas.\u00a0<\/p>\n\n\n\n<p>1.&nbsp;Previa acreditaci\u00f3n de los promoventes&nbsp;(l\u00e9ase&nbsp;personas&nbsp;que pudieran hacerlo&nbsp;a nombre propio o de colectivos)&nbsp;\u00e9stos dispondr\u00e1n de todo el mes de noviembre&nbsp;para recabar las firmas ciudadanas en la mitad m\u00e1s uno de los 570 municipios&nbsp;a trav\u00e9s de los formatos digitales o impresos aprobados por el Consejo General del IEEPCO.<\/p>\n\n\n\n<p>2.&nbsp;Vencido este plazo,&nbsp;los promoventes podr\u00e1n entregar&nbsp;a los consejos distritales&nbsp;o &nbsp;laDirecci\u00f3n de Partidos Pol\u00edticos del IEEPCO&nbsp;(\u00bfY por qu\u00e9 no tambi\u00e9n a la Direcci\u00f3n de Sistemas Normativos Ind\u00edgenas habida cuenta que 418 se rigen &nbsp;por este sistema?)&nbsp;en cualquier d\u00eda del&nbsp;mes &nbsp;de&nbsp;diciembre,&nbsp;los formatos&nbsp;con&nbsp;las firmas recabadas.&nbsp;<\/p>\n\n\n\n<p>Y como lo m\u00e1s probable es que dicha actividad se agote hasta los \u00faltimos d\u00edas del mes de diciembre, ser\u00eda hasta la segunda&nbsp;semana &nbsp;de&nbsp;enero del 2026 cuando el Consejo General&nbsp;apruebe o rechace el procedimiento de realizaci\u00f3n de la consulta ciudadana.&nbsp;<\/p>\n\n\n\n<p>Habr\u00e1 que precisar que ya el IEEPCO subi\u00f3 en su p\u00e1gina&nbsp;oficial &nbsp;el&nbsp;n\u00famero de firmas que se requieren por cada municipio, tomando en cuenta el requisito del m\u00ednimo del 10 por ciento de la lista nominal de electores.&nbsp;<\/p>\n\n\n\n<p>3.&nbsp;Bajo el escenario de aprobaci\u00f3n, en el mismo mes de enero del 2026 el Consejo General del IEEPCO deber\u00e1 aprobar y publicar la convocatoria para la realizaci\u00f3n de la consulta ciudadana de revocaci\u00f3n de mandato.&nbsp;<\/p>\n\n\n\n<p>Y en esta parte es en donde habr\u00e1 que estar muy atentos al comportamiento del Gobierno del Estado, pues hasta ahora ha llegado hasta usurpar las funciones del \u00f3rgano electoral en materia de difusi\u00f3n y promoci\u00f3n del proceso revocatoria, seguro como est\u00e1n en el Palacio Primaveral de que no ser\u00e1 revocaci\u00f3n sino ratificaci\u00f3n de mandato.&nbsp;<\/p>\n\n\n\n<p>El art\u00edculo&nbsp;27 de&nbsp;los lineamientos son muy claros en cuanto a las atribuciones del \u00f3rgano electoral en materia de difusi\u00f3n del proceso al subrayar que es \u201cla \u00fanica instancia\u201d.&nbsp;&nbsp;<\/p>\n\n\n\n<p>Y el art\u00edculo 28 no deja lugar a dudas que una vez iniciado el proceso revocatorio&nbsp;(es&nbsp;decir, una vez publicada la convocatoria), los gobiernos federal, estatal o municipales tienen prohibido difundir logros y obras as\u00ed&nbsp;como&nbsp;llevar a cabo todo tipo de propaganda gubernamental.<\/p>\n\n\n\n<p>Hasta&nbsp;aqu\u00ed,&nbsp;por ahora, los comentarios a&nbsp;una parte de&nbsp;los lineamientos&nbsp;del IEEPCO que en total lo integran 59 art\u00edculos, cuyo total cumplimiento deber\u00e1 esperarse que cubra cada uno de las etapas del proceso revocatoria.&nbsp;<\/p>\n\n\n\n<p>Sin embargo, siempre quedar\u00e1 la duda que eso&nbsp;ocurra &nbsp;ante&nbsp;el consabido transitorio de la \u201cdisponibilidad presupuestaria\u201d.&nbsp;<\/p>\n\n\n\n<p>El tema&nbsp;no es cosa menor&nbsp;pues&nbsp;la&nbsp;estimaci\u00f3n de las autoridades del \u00f3rgano electoral es que para llevar a buen puerto el proceso los poderes Ejecutivo-Legislativo tendr\u00edan que autorizarle un presupuesto de 180 millones de pesos, cifra estimada por&nbsp;la presidencia del&nbsp;IEEPCO&nbsp;y&nbsp;que dif\u00edcilmente ser\u00e1 atendida en estos t\u00e9rminos&nbsp;por la Secretar\u00eda de Finanzas del Gobierno del Estado.&nbsp;<\/p>\n\n\n\n<p>*Maestro en sociolog\u00eda y periodista.<\/p>\n\n\n\n<p>X: @YescasIsidoro &nbsp; &nbsp; &nbsp; &nbsp; &nbsp; &nbsp;&nbsp;<\/p>\n\n\n\n<p>Faceboock: Isidoro Yescas<\/p>\n","protected":false},"excerpt":{"rendered":"<p>Isidoro Yescas* De los documentos aprobados por el Consejo General del IEEPCO para el proceso&hellip;<\/p>\n","protected":false},"author":2,"featured_media":71623,"comment_status":"closed","ping_status":"open","sticky":false,"template":"","format":"standard","meta":{"_lmt_disableupdate":"","_lmt_disable":"","_jetpack_memberships_contains_paid_content":false,"footnotes":""},"categories":[456,109],"tags":[3998],"class_list":["post-85758","post","type-post","status-publish","format-standard","has-post-thumbnail","hentry","category-columna","category-minuto-a-minuto","tag-isidoro-yescas-martinez"],"jetpack_featured_media_url":"https:\/\/zonaroja.com.mx\/wp-content\/uploads\/2024\/08\/Opinion.-Isidoro-Yescas.jpg","jetpack_sharing_enabled":true,"_links":{"self":[{"href":"https:\/\/zonaroja.com.mx\/index.php?rest_route=\/wp\/v2\/posts\/85758","targetHints":{"allow":["GET"]}}],"collection":[{"href":"https:\/\/zonaroja.com.mx\/index.php?rest_route=\/wp\/v2\/posts"}],"about":[{"href":"https:\/\/zonaroja.com.mx\/index.php?rest_route=\/wp\/v2\/types\/post"}],"author":[{"embeddable":true,"href":"https:\/\/zonaroja.com.mx\/index.php?rest_route=\/wp\/v2\/users\/2"}],"replies":[{"embeddable":true,"href":"https:\/\/zonaroja.com.mx\/index.php?rest_route=%2Fwp%2Fv2%2Fcomments&post=85758"}],"version-history":[{"count":1,"href":"https:\/\/zonaroja.com.mx\/index.php?rest_route=\/wp\/v2\/posts\/85758\/revisions"}],"predecessor-version":[{"id":85759,"href":"https:\/\/zonaroja.com.mx\/index.php?rest_route=\/wp\/v2\/posts\/85758\/revisions\/85759"}],"wp:featuredmedia":[{"embeddable":true,"href":"https:\/\/zonaroja.com.mx\/index.php?rest_route=\/wp\/v2\/media\/71623"}],"wp:attachment":[{"href":"https:\/\/zonaroja.com.mx\/index.php?rest_route=%2Fwp%2Fv2%2Fmedia&parent=85758"}],"wp:term":[{"taxonomy":"category","embeddable":true,"href":"https:\/\/zonaroja.com.mx\/index.php?rest_route=%2Fwp%2Fv2%2Fcategories&post=85758"},{"taxonomy":"post_tag","embeddable":true,"href":"https:\/\/zonaroja.com.mx\/index.php?rest_route=%2Fwp%2Fv2%2Ftags&post=85758"}],"curies":[{"name":"wp","href":"https:\/\/api.w.org\/{rel}","templated":true}]}}