{"id":85767,"date":"2025-10-14T19:11:53","date_gmt":"2025-10-15T01:11:53","guid":{"rendered":"https:\/\/zonaroja.com.mx\/?p=85767"},"modified":"2025-10-14T19:11:55","modified_gmt":"2025-10-15T01:11:55","slug":"confirman-cuerpo-sin-vida-envuelto-como-paquete-en-la-capital-oaxaquena","status":"publish","type":"post","link":"https:\/\/zonaroja.com.mx\/?p=85767","title":{"rendered":"Confirman cuerpo sin vida envuelto como paquete, en la capital oaxaque\u00f1a"},"content":{"rendered":"\n<p>Raymundo Morales\/Zona Roja.<\/p>\n\n\n\n<p>Oaxaca, Oax., a 14 de octubre de 2025.- Fuentes de la Secretar\u00eda de Seguridad y Protecci\u00f3n Ciudadana confirmaron el hallazgo de un cuerpo sin vida envuelto en cart\u00f3n, al norte de la ciudad de Oaxaca.<\/p>\n\n\n\n<p>Fue alrededor de las seis de la ma\u00f1ana en que una vecina de la calle Colorines de la colonia Jard\u00edn report\u00f3 a las corporaciones policiacas la presencia del objeto, envuelto en cinta adhesiva, y del cual proced\u00edan olores f\u00e9tidos.<\/p>\n\n\n\n<p>Polic\u00edas municipales arribaron y acordonaron a escena, mientras que personal de la Fiscal\u00eda General del Estado de Oaxaca realiz\u00f3 las primeras labores periciales.<\/p>\n\n\n\n<p>M\u00e1s tarde se confirm\u00f3 que se trata del cuerpo en estado de putrefacci\u00f3n de una persona del sexo masculino, que presentaba adem\u00e1s huellas de tortura y presuntamente disparos de arma de fuego.<\/p>\n\n\n\n<p>Fue trasladado al Instituto de Servicios Periciales, con la finalidad de dar con la identidad de la v\u00edctima.<\/p>\n\n\n\n<p>CASO FEMENINA<\/p>\n\n\n\n<p>Por otra parte, la Fiscal\u00eda General investiga el caso de una mujer localizada sin vida ayer en el municipio de Loma Bonita, regi\u00f3n de la Cuenca del Papaloapan.<\/p>\n\n\n\n<p>La v\u00edctima fue localizada&nbsp;<\/p>\n\n\n\n<p>El cuerpo fue hallado en un camino de terracer\u00eda de la calle Puebla y de manera preliminar se inform\u00f3 que presentaba signos de violencia; seg\u00fan versiones extraoficiales, se trata de Sarah\u00ed H. M.<\/p>\n\n\n\n<p>El caso est\u00e1 en manos de la Vicefiscal\u00eda Regional de la Cuenca, que continua con las indagatorias.<\/p>\n","protected":false},"excerpt":{"rendered":"<p>Raymundo Morales\/Zona Roja. Oaxaca, Oax., a 14 de octubre de 2025.- Fuentes de la Secretar\u00eda&hellip;<\/p>\n","protected":false},"author":2,"featured_media":85768,"comment_status":"closed","ping_status":"open","sticky":false,"template":"","format":"standard","meta":{"_lmt_disableupdate":"","_lmt_disable":"","_jetpack_memberships_contains_paid_content":false,"footnotes":""},"categories":[109,51],"tags":[148],"class_list":["post-85767","post","type-post","status-publish","format-standard","has-post-thumbnail","hentry","category-minuto-a-minuto","category-zona-roja","tag-oaxaca-de-juarez"],"jetpack_featured_media_url":"https:\/\/zonaroja.com.mx\/wp-content\/uploads\/2025\/10\/Asesinado-y-tirado-en-caja-colonia-Jardin-ciudad-de-Oaxaca.jpeg","jetpack_sharing_enabled":true,"_links":{"self":[{"href":"https:\/\/zonaroja.com.mx\/index.php?rest_route=\/wp\/v2\/posts\/85767","targetHints":{"allow":["GET"]}}],"collection":[{"href":"https:\/\/zonaroja.com.mx\/index.php?rest_route=\/wp\/v2\/posts"}],"about":[{"href":"https:\/\/zonaroja.com.mx\/index.php?rest_route=\/wp\/v2\/types\/post"}],"author":[{"embeddable":true,"href":"https:\/\/zonaroja.com.mx\/index.php?rest_route=\/wp\/v2\/users\/2"}],"replies":[{"embeddable":true,"href":"https:\/\/zonaroja.com.mx\/index.php?rest_route=%2Fwp%2Fv2%2Fcomments&post=85767"}],"version-history":[{"count":1,"href":"https:\/\/zonaroja.com.mx\/index.php?rest_route=\/wp\/v2\/posts\/85767\/revisions"}],"predecessor-version":[{"id":85769,"href":"https:\/\/zonaroja.com.mx\/index.php?rest_route=\/wp\/v2\/posts\/85767\/revisions\/85769"}],"wp:featuredmedia":[{"embeddable":true,"href":"https:\/\/zonaroja.com.mx\/index.php?rest_route=\/wp\/v2\/media\/85768"}],"wp:attachment":[{"href":"https:\/\/zonaroja.com.mx\/index.php?rest_route=%2Fwp%2Fv2%2Fmedia&parent=85767"}],"wp:term":[{"taxonomy":"category","embeddable":true,"href":"https:\/\/zonaroja.com.mx\/index.php?rest_route=%2Fwp%2Fv2%2Fcategories&post=85767"},{"taxonomy":"post_tag","embeddable":true,"href":"https:\/\/zonaroja.com.mx\/index.php?rest_route=%2Fwp%2Fv2%2Ftags&post=85767"}],"curies":[{"name":"wp","href":"https:\/\/api.w.org\/{rel}","templated":true}]}}