{"id":85773,"date":"2025-10-14T21:48:03","date_gmt":"2025-10-15T03:48:03","guid":{"rendered":"https:\/\/zonaroja.com.mx\/?p=85773"},"modified":"2025-10-14T21:48:05","modified_gmt":"2025-10-15T03:48:05","slug":"otra-de-sindicato-violento-con-disparos-rescatan-a-detenido-en-oaxaca","status":"publish","type":"post","link":"https:\/\/zonaroja.com.mx\/?p=85773","title":{"rendered":"Otra de sindicato violento: con disparos rescatan a detenido en Oaxaca"},"content":{"rendered":"\n<p>Raymundo Morales\/Zona Roja.<\/p>\n\n\n\n<p>Oaxaca, Oax., a 14 de octubre de 2026.- Con disparos de armas de fuego y con transportistas violentos, la Confederaci\u00f3n Joven intent\u00f3 recuperar hoy a una persona detenida por polic\u00edas municipales de San Antonio de la Cal.<\/p>\n\n\n\n<p>El propio dirigente del sindicato de transportistas, Iv\u00e1n Villaseca, particip\u00f3 en la persecuci\u00f3n y reconoci\u00f3 que fueron los afiliados a su gremio quienes persiguieron a una patrulla policiaca.<\/p>\n\n\n\n<p>Seg\u00fan narr\u00f3 el dirigente en entrevista colectiva, fue en jurisdicci\u00f3n de San Antonio de la Cal, al sur de la capital, en que los uniformados de ese municipio detuvieron al conductor de un cami\u00f3n tipo volteo por una infracci\u00f3n, presuntamente con el fin de extorsionarlo.<\/p>\n\n\n\n<p>Tras ello arribaron otros integrantes que se confrontaron con los polic\u00edas e iniciaron una persecuci\u00f3n, que culmin\u00f3 en la avenida Hornos de Santa Luc\u00eda del Camino, donde impactaron un coche marca Mazda con una unidad oficial; en el sitio reportaron detonaciones de arma de fuego.<\/p>\n\n\n\n<p>Polic\u00edas y elementos de la Agencia Estatal de Investigaciones arribaron al sitio para evitar m\u00e1s confrontaciones; sin embargo, hasta el momento no hay una persona detenida.<\/p>\n\n\n\n<p>Iv\u00e1n Villaseca atribuy\u00f3 al edil de San Antonio, Porfirio Santos, la responsabilidad de los hechos, pues dijo que intenta convencerlos para apoyar su reelecci\u00f3n lo cual, dijo, no har\u00e1n.<\/p>\n\n\n\n<p>En tanto, la Fiscal\u00eda General del Estado de Oaxaca (FGEO) dio a conocer que inici\u00f3 la carpeta de investigaci\u00f3n 27369\/OAXACA\/2025 por la agresi\u00f3n cometida por un grupo de transportistas contra elementos de la Polic\u00eda Vial Municipal de San Antonio de la Cal.<\/p>\n\n\n\n<p>\u201cGracias al trabajo coordinado entre la Fiscal\u00eda de Oaxaca con la Polic\u00eda Estatal, as\u00ed como la polic\u00eda municipal, adem\u00e1s del apoyo estrat\u00e9gico del C-4 que dio seguimiento, por medio del circuito de c\u00e1maras de video, a la ruta de escape de los agresores, que ya est\u00e1n identificados.<\/p>\n\n\n\n<p>\u201cEn tanto que la FGEO, a trav\u00e9s de la Vicefiscal\u00eda Regional de Valles Centrales gracias a los primeros datos de prueba recabados, ya cuenta con l\u00edneas de investigaci\u00f3n definidas para dar con los responsables\u201d.<\/p>\n\n\n\n<p>Expuso que como parte de los actos de investigaci\u00f3n, se estableci\u00f3 contacto con la Secretar\u00eda de Movilidad la colaboraci\u00f3n directa para la identificaci\u00f3n de los veh\u00edculos involucrados.<\/p>\n\n\n\n<figure class=\"wp-block-embed is-type-rich is-provider-twitter wp-block-embed-twitter\"><div class=\"wp-block-embed__wrapper\">\n<div class=\"twitter-tweet\"><blockquote class=\"twitter-tweet\" data-lang=\"es\"><p lang=\"es\" dir=\"ltr\">La Fiscal\u00eda General del Estado de Oaxaca (<a href=\"https:\/\/twitter.com\/FISCALIA_GobOax?ref_src=twsrc%5Etfw\">@FISCALIA_GobOax<\/a>) inici\u00f3 la carpeta de investigaci\u00f3n 27369\/OAXACA\/2025 por la agresi\u00f3n cometida por un grupo de transportistas contra elementos de la Polic\u00eda Vial Municipal de San Antonio de la Cal, con el firme compromiso de aplicar la\u2026 <a href=\"https:\/\/t.co\/QbywMVbNsM\">pic.twitter.com\/QbywMVbNsM<\/a><\/p>&mdash; Zona Roja Oaxaca (@ZonaRoja_Oaxaca) <a href=\"https:\/\/twitter.com\/ZonaRoja_Oaxaca\/status\/1978233114624131353?ref_src=twsrc%5Etfw\">14 de octubre de 2025<\/a><\/blockquote><\/div>\n<\/div><\/figure>\n","protected":false},"excerpt":{"rendered":"<p>Raymundo Morales\/Zona Roja. Oaxaca, Oax., a 14 de octubre de 2026.- Con disparos de armas&hellip;<\/p>\n","protected":false},"author":2,"featured_media":85776,"comment_status":"closed","ping_status":"open","sticky":false,"template":"","format":"standard","meta":{"_lmt_disableupdate":"","_lmt_disable":"","_jetpack_memberships_contains_paid_content":false,"footnotes":""},"categories":[109,47],"tags":[3244],"class_list":["post-85773","post","type-post","status-publish","format-standard","has-post-thumbnail","hentry","category-minuto-a-minuto","category-zona-gris","tag-confederacion-joven-transportistas"],"jetpack_featured_media_url":"https:\/\/zonaroja.com.mx\/wp-content\/uploads\/2025\/10\/Confederacion-Joven-San-Antonio-de-la-Cal-Oaxaca.jpg","jetpack_sharing_enabled":true,"_links":{"self":[{"href":"https:\/\/zonaroja.com.mx\/index.php?rest_route=\/wp\/v2\/posts\/85773","targetHints":{"allow":["GET"]}}],"collection":[{"href":"https:\/\/zonaroja.com.mx\/index.php?rest_route=\/wp\/v2\/posts"}],"about":[{"href":"https:\/\/zonaroja.com.mx\/index.php?rest_route=\/wp\/v2\/types\/post"}],"author":[{"embeddable":true,"href":"https:\/\/zonaroja.com.mx\/index.php?rest_route=\/wp\/v2\/users\/2"}],"replies":[{"embeddable":true,"href":"https:\/\/zonaroja.com.mx\/index.php?rest_route=%2Fwp%2Fv2%2Fcomments&post=85773"}],"version-history":[{"count":1,"href":"https:\/\/zonaroja.com.mx\/index.php?rest_route=\/wp\/v2\/posts\/85773\/revisions"}],"predecessor-version":[{"id":85777,"href":"https:\/\/zonaroja.com.mx\/index.php?rest_route=\/wp\/v2\/posts\/85773\/revisions\/85777"}],"wp:featuredmedia":[{"embeddable":true,"href":"https:\/\/zonaroja.com.mx\/index.php?rest_route=\/wp\/v2\/media\/85776"}],"wp:attachment":[{"href":"https:\/\/zonaroja.com.mx\/index.php?rest_route=%2Fwp%2Fv2%2Fmedia&parent=85773"}],"wp:term":[{"taxonomy":"category","embeddable":true,"href":"https:\/\/zonaroja.com.mx\/index.php?rest_route=%2Fwp%2Fv2%2Fcategories&post=85773"},{"taxonomy":"post_tag","embeddable":true,"href":"https:\/\/zonaroja.com.mx\/index.php?rest_route=%2Fwp%2Fv2%2Ftags&post=85773"}],"curies":[{"name":"wp","href":"https:\/\/api.w.org\/{rel}","templated":true}]}}