{"id":85778,"date":"2025-10-14T22:00:15","date_gmt":"2025-10-15T04:00:15","guid":{"rendered":"https:\/\/zonaroja.com.mx\/?p=85778"},"modified":"2025-10-14T22:12:28","modified_gmt":"2025-10-15T04:12:28","slug":"anuncian-segunda-fase-de-reencarpetamiento-en-oaxaca-capital","status":"publish","type":"post","link":"https:\/\/zonaroja.com.mx\/?p=85778","title":{"rendered":"Anuncian segunda fase de reencarpetamiento en Oaxaca capital"},"content":{"rendered":"\n<p>Redacci\u00f3n\/Zona Roja.<\/p>\n\n\n\n<p>Oaxaca, Oax., 14 de octubre de 2025.\u2013 Durante la conferencia de prensa encabezada por el gobernador Salom\u00f3n Jara Cruz, el presidente municipal de Oaxaca de Ju\u00e1rez, Ray Chagoya, anunci\u00f3 una inversi\u00f3n conjunta de 130 millones de pesos destinada al reencarpetamiento y bacheo de las principales avenidas de la capital, en coordinaci\u00f3n con el Gobierno del Estado.<\/p>\n\n\n\n<p>El edil capitalino inform\u00f3 que estos trabajos forman parte de la segunda etapa del programa de rehabilitaci\u00f3n vial, con la intervenci\u00f3n de brigadas en agencias como Guadalupe Victoria, Santa Rosa, Candiani y San Mart\u00edn Mexic\u00e1pam, adem\u00e1s de acciones inmediatas de reparaci\u00f3n en la avenida Tecnol\u00f3gico, donde se aplic\u00f3 concreto hidr\u00e1ulico tras las afectaciones ocasionadas por las recientes lluvias.<\/p>\n\n\n\n<p>\u201cEstamos trabajando de manera coordinada con el gobernador, quien ha estado al pendiente de las necesidades de Oaxaca de Ju\u00e1rez. Esta inversi\u00f3n hist\u00f3rica permitir\u00e1 mejorar la movilidad, reforzar la seguridad vial y dar respuesta a una de las principales demandas ciudadanas\u201d, expres\u00f3 Chagoya.<\/p>\n\n\n\n<p>El presidente municipal destac\u00f3 que el programa \u201cTache al Bache\u201d continuar\u00e1 fortaleci\u00e9ndose con nuevas brigadas y acciones conjuntas entre los tres niveles de gobierno, priorizando calles estrat\u00e9gicas y zonas con mayor afectaci\u00f3n.<\/p>\n\n\n\n<p>Asimismo, Ray Chagoya inform\u00f3 que, gracias a la gesti\u00f3n conjunta con el gobernador Salom\u00f3n Jara y el respaldo del Gobierno Federal, se reactivar\u00e1n y concluir\u00e1n las obras del Mercado de Pan y Comedores de la Central de Abasto, con una inversi\u00f3n de 89 millones de pesos.<\/p>\n\n\n\n<p>\u201cDespu\u00e9s de muchos meses detenida, esta obra ser\u00e1 una realidad. Hemos hecho equipo con los locatarios y con el Gobierno del Estado para que el Mercado de Pan y Comedores se convierta en un espacio digno, seguro y funcional para las y los oaxaque\u00f1os\u201d, se\u00f1al\u00f3.<\/p>\n\n\n\n<p>El edil capitalino subray\u00f3 que este proyecto forma parte del esfuerzo integral de rescate y revitalizaci\u00f3n de la Central de Abasto, uno de los espacios m\u00e1s representativos y din\u00e1micos de la ciudad.<\/p>\n\n\n\n<p>Finalmente, Ray Chagoya agradeci\u00f3 el respaldo del gobernador Salom\u00f3n Jara Cruz, a quien reconoci\u00f3 por su compromiso y cercan\u00eda con las y los capitalinos, reiterando que la coordinaci\u00f3n institucional est\u00e1 dando resultados visibles en infraestructura, movilidad y bienestar para Oaxaca de Ju\u00e1rez.<\/p>\n\n\n\n<figure class=\"wp-block-embed is-type-rich is-provider-twitter wp-block-embed-twitter\"><div class=\"wp-block-embed__wrapper\">\n<div class=\"twitter-tweet\"><blockquote class=\"twitter-tweet\" data-lang=\"es\"><p lang=\"es\" dir=\"ltr\">En conferencia de prensa, en mandatario <a href=\"https:\/\/twitter.com\/salomonj?ref_src=twsrc%5Etfw\">@salomonj<\/a> y el presidente municipal de Oaxaca de Ju\u00e1rez, <a href=\"https:\/\/twitter.com\/raychagoya?ref_src=twsrc%5Etfw\">@raychagoya<\/a>, anunci\u00f3 la segunda fase de bacheo en la capital y zona metropolitana. <br><br>El edil agradeci\u00f3 el respaldo del gobernador y habl\u00f3 adem\u00e1s del reinicio de los trabajos en el\u2026 <a href=\"https:\/\/t.co\/0rDd0n9iB8\">pic.twitter.com\/0rDd0n9iB8<\/a><\/p>&mdash; Zona Roja Oaxaca (@ZonaRoja_Oaxaca) <a href=\"https:\/\/twitter.com\/ZonaRoja_Oaxaca\/status\/1978153056991654040?ref_src=twsrc%5Etfw\">14 de octubre de 2025<\/a><\/blockquote><\/div>\n<\/div><\/figure>\n\n\n\n<p>EN TRANSPARENCIA<\/p>\n\n\n\n<p>Por otra parte, el \u00d3rgano Garante de Acceso a la Informaci\u00f3n P\u00fablica, Transparencia, Protecci\u00f3n de Datos Personales y Buen Gobierno del Estado de Oaxaca (OGAIPO) otorg\u00f3 al ayuntamiento de Oaxaca de Ju\u00e1rez que preside Ray Chagoya un doble reconocimiento por su destacada labor en materia de transparencia y rendici\u00f3n de cuentas.<\/p>\n\n\n\n<p>El Comisionado Presidente del OGAIPO, Josu\u00e9 Solana Salmor\u00e1n, y la Comisionada Claudia Ivette Soto Pineda entregaron al Municipio la Constancia por haber obtenido el 100% en cumplimiento derivado del Programa Anual de Verificaci\u00f3n al Cumplimiento de las Obligaciones de Transparencia 2024, as\u00ed como el Reconocimiento por formar parte de los Sujetos Obligados que conforman el Cat\u00e1logo 2025 de Informaci\u00f3n de Inter\u00e9s P\u00fablico.&nbsp;<\/p>\n\n\n\n<p>Ambos correspondientes al ejercicio 2024, al haber cumplido con los criterios establecidos para la dictaminaci\u00f3n de informaci\u00f3n sobresaliente o que genera beneficios directos a la ciudadan\u00eda.<\/p>\n\n\n\n<p>Durante la entrega, se destac\u00f3 la disposici\u00f3n del ayuntamiento capitalino para fortalecer las buenas pr\u00e1cticas de gobierno abierto, al publicar informaci\u00f3n de utilidad p\u00fablica como las rutas de recolecci\u00f3n de residuos, tr\u00e1mites, servicios, facilitando la informaci\u00f3n mediante sus portales oficiales y la Plataforma Nacional de Transparencia.<\/p>\n\n\n\n<p>El comisionado presidente reconoci\u00f3 el trabajo de las \u00e1reas administrativas y de la Unidad de Transparencia del Ayuntamiento, as\u00ed como la coordinaci\u00f3n permanente con el \u00f3rgano garante estatal, subrayando que Oaxaca de Ju\u00e1rez se distingue por promover una transparencia proactiva que impulsa la confianza ciudadana y la rendici\u00f3n de cuentas.<\/p>\n\n\n\n<p>Con estas distinciones, el ayuntamiento de Oaxaca de Ju\u00e1rez reafirma su compromiso con la honestidad, la apertura institucional y la transparencia como pilares de un buen gobierno, cercano a las y los oaxaque\u00f1os.<\/p>\n","protected":false},"excerpt":{"rendered":"<p>Redacci\u00f3n\/Zona Roja. Oaxaca, Oax., 14 de octubre de 2025.\u2013 Durante la conferencia de prensa encabezada&hellip;<\/p>\n","protected":false},"author":2,"featured_media":85774,"comment_status":"closed","ping_status":"open","sticky":false,"template":"","format":"standard","meta":{"_lmt_disableupdate":"","_lmt_disable":"","_jetpack_memberships_contains_paid_content":false,"footnotes":""},"categories":[109,46],"tags":[148,4403],"class_list":["post-85778","post","type-post","status-publish","format-standard","has-post-thumbnail","hentry","category-minuto-a-minuto","category-zona-blanca","tag-oaxaca-de-juarez","tag-ray-chagoya"],"jetpack_featured_media_url":"https:\/\/zonaroja.com.mx\/wp-content\/uploads\/2025\/10\/Edil-Ray-Chagoya-conferencia-Salomon-Jara.jpg","jetpack_sharing_enabled":true,"_links":{"self":[{"href":"https:\/\/zonaroja.com.mx\/index.php?rest_route=\/wp\/v2\/posts\/85778","targetHints":{"allow":["GET"]}}],"collection":[{"href":"https:\/\/zonaroja.com.mx\/index.php?rest_route=\/wp\/v2\/posts"}],"about":[{"href":"https:\/\/zonaroja.com.mx\/index.php?rest_route=\/wp\/v2\/types\/post"}],"author":[{"embeddable":true,"href":"https:\/\/zonaroja.com.mx\/index.php?rest_route=\/wp\/v2\/users\/2"}],"replies":[{"embeddable":true,"href":"https:\/\/zonaroja.com.mx\/index.php?rest_route=%2Fwp%2Fv2%2Fcomments&post=85778"}],"version-history":[{"count":2,"href":"https:\/\/zonaroja.com.mx\/index.php?rest_route=\/wp\/v2\/posts\/85778\/revisions"}],"predecessor-version":[{"id":85781,"href":"https:\/\/zonaroja.com.mx\/index.php?rest_route=\/wp\/v2\/posts\/85778\/revisions\/85781"}],"wp:featuredmedia":[{"embeddable":true,"href":"https:\/\/zonaroja.com.mx\/index.php?rest_route=\/wp\/v2\/media\/85774"}],"wp:attachment":[{"href":"https:\/\/zonaroja.com.mx\/index.php?rest_route=%2Fwp%2Fv2%2Fmedia&parent=85778"}],"wp:term":[{"taxonomy":"category","embeddable":true,"href":"https:\/\/zonaroja.com.mx\/index.php?rest_route=%2Fwp%2Fv2%2Fcategories&post=85778"},{"taxonomy":"post_tag","embeddable":true,"href":"https:\/\/zonaroja.com.mx\/index.php?rest_route=%2Fwp%2Fv2%2Ftags&post=85778"}],"curies":[{"name":"wp","href":"https:\/\/api.w.org\/{rel}","templated":true}]}}