{"id":85784,"date":"2025-10-15T07:15:00","date_gmt":"2025-10-15T13:15:00","guid":{"rendered":"https:\/\/zonaroja.com.mx\/?p=85784"},"modified":"2025-10-15T07:02:59","modified_gmt":"2025-10-15T13:02:59","slug":"catean-rancho-de-celula-delictiva-en-el-istmo-hallan-arsenal-y-vehiculos","status":"publish","type":"post","link":"https:\/\/zonaroja.com.mx\/?p=85784","title":{"rendered":"Catean rancho de c\u00e9lula delictiva en el Istmo; hallan arsenal y veh\u00edculos"},"content":{"rendered":"\n<p>Redacci\u00f3n\/Zona Roja.<\/p>\n\n\n\n<p>Oaxaca, Oax., a 15 de octubre de 2025.- La Fiscal\u00eda General del Estado de Oaxaca (FGEO), en coordinaci\u00f3n con instituciones federales, realiz\u00f3 un cateo al interior de un rancho en la regi\u00f3n del Istmo, donde se logr\u00f3 el aseguramiento de decenas de armas de fuego de diferentes calibres, as\u00ed como de cientos de cartuchos \u00fatiles y veh\u00edculos.<\/p>\n\n\n\n<p>El operativo conjunto se despleg\u00f3 el 8 de octubre de 2025, en un rancho sin nombre ubicado en la localidad de Las Palmas, perteneciente al municipio de Santiago Niltepec.<\/p>\n\n\n\n<p>Como resultado de estos trabajos, se logr\u00f3 el aseguramiento de al menos 18 armas de fuego de diferentes calibres, la mayor\u00eda eran armas largas entre escopetas y fusiles, adem\u00e1s de cientos de cartuchos \u00fatiles.<\/p>\n\n\n\n<p>Tambi\u00e9n aseguraron la propiedad que simulaba su operaci\u00f3n como rancho pero que, los trabajos de investigaci\u00f3n criminal revelan que ser\u00eda un centro de operaci\u00f3n de una c\u00e9lula delictiva del Istmo, por lo que se implementaron las acciones como parte de la estrategia de combate al narcomenudeo.<\/p>\n\n\n\n<p>Adem\u00e1s&nbsp;que, quedaron bajo resguardo tres veh\u00edculos de motor y tres bloques de un polvo blanco comprimido, presumiblemente se trata de sustancias il\u00edcitas.<\/p>\n\n\n\n<p>Los objetos asegurados quedaron a disposici\u00f3n de las autoridades correspondientes para profundizar en las investigaciones sobre este caso. En el operativo participaron las secretar\u00edas de la Defensa Nacional y de la Marina, as\u00ed como corporaciones estatales.&nbsp;<\/p>\n\n\n\n<p>La Fiscal\u00eda de Oaxaca inform\u00f3 que coordina labores de inteligencia criminal para desarticular grupos delictivos que operan en diferentes regiones de la entidad, para el combate al fen\u00f3meno delictivo.<\/p>\n","protected":false},"excerpt":{"rendered":"<p>Redacci\u00f3n\/Zona Roja. Oaxaca, Oax., a 15 de octubre de 2025.- La Fiscal\u00eda General del Estado&hellip;<\/p>\n","protected":false},"author":2,"featured_media":85789,"comment_status":"closed","ping_status":"open","sticky":false,"template":"","format":"standard","meta":{"_lmt_disableupdate":"","_lmt_disable":"","_jetpack_memberships_contains_paid_content":false,"footnotes":""},"categories":[109,46],"tags":[494],"class_list":["post-85784","post","type-post","status-publish","format-standard","has-post-thumbnail","hentry","category-minuto-a-minuto","category-zona-blanca","tag-fiscalia-general-del-estado-de-oaxaca"],"jetpack_featured_media_url":"https:\/\/zonaroja.com.mx\/wp-content\/uploads\/2025\/10\/Cateo-Fiscalia-rancho-Santiago-Niltepec.jpg","jetpack_sharing_enabled":true,"_links":{"self":[{"href":"https:\/\/zonaroja.com.mx\/index.php?rest_route=\/wp\/v2\/posts\/85784","targetHints":{"allow":["GET"]}}],"collection":[{"href":"https:\/\/zonaroja.com.mx\/index.php?rest_route=\/wp\/v2\/posts"}],"about":[{"href":"https:\/\/zonaroja.com.mx\/index.php?rest_route=\/wp\/v2\/types\/post"}],"author":[{"embeddable":true,"href":"https:\/\/zonaroja.com.mx\/index.php?rest_route=\/wp\/v2\/users\/2"}],"replies":[{"embeddable":true,"href":"https:\/\/zonaroja.com.mx\/index.php?rest_route=%2Fwp%2Fv2%2Fcomments&post=85784"}],"version-history":[{"count":1,"href":"https:\/\/zonaroja.com.mx\/index.php?rest_route=\/wp\/v2\/posts\/85784\/revisions"}],"predecessor-version":[{"id":85785,"href":"https:\/\/zonaroja.com.mx\/index.php?rest_route=\/wp\/v2\/posts\/85784\/revisions\/85785"}],"wp:featuredmedia":[{"embeddable":true,"href":"https:\/\/zonaroja.com.mx\/index.php?rest_route=\/wp\/v2\/media\/85789"}],"wp:attachment":[{"href":"https:\/\/zonaroja.com.mx\/index.php?rest_route=%2Fwp%2Fv2%2Fmedia&parent=85784"}],"wp:term":[{"taxonomy":"category","embeddable":true,"href":"https:\/\/zonaroja.com.mx\/index.php?rest_route=%2Fwp%2Fv2%2Fcategories&post=85784"},{"taxonomy":"post_tag","embeddable":true,"href":"https:\/\/zonaroja.com.mx\/index.php?rest_route=%2Fwp%2Fv2%2Ftags&post=85784"}],"curies":[{"name":"wp","href":"https:\/\/api.w.org\/{rel}","templated":true}]}}