{"id":85786,"date":"2025-10-15T08:15:00","date_gmt":"2025-10-15T14:15:00","guid":{"rendered":"https:\/\/zonaroja.com.mx\/?p=85786"},"modified":"2025-10-15T07:02:29","modified_gmt":"2025-10-15T13:02:29","slug":"identifica-al-asesinado-en-xoxocotlan-otro-crimen-en-jalapa-del-marques","status":"publish","type":"post","link":"https:\/\/zonaroja.com.mx\/?p=85786","title":{"rendered":"Identifica al asesinado en Xoxocotl\u00e1n; otro crimen en Jalapa del Marqu\u00e9s"},"content":{"rendered":"\n<p>Ismael Garc\u00eda M.\/Zona Roja.<\/p>\n\n\n\n<p>Oaxaca, Oax., a 15 de octubre de 2025.- Como Jos\u00e9 Alberto G. L., de aproximadamente 37 a\u00f1os de edad, fue identificada la persona que fue asesinada anoche en el municipio de Santa Cruz Xoxocotl\u00e1n.<\/p>\n\n\n\n<p>La v\u00edctima se trasladaba a bordo de su coche marca Kia color azul, con placas de circulaci\u00f3n V78-BFZ, sobre la avenida del Valle, cerca del fraccionamiento Santa Elena, cuando fue atacado por sujetos armados.<\/p>\n\n\n\n<p>El cuerpo recibi\u00f3 al menos cinco impactos de arma de fuego de grueso calibre, tras lo cual los delincuentes huyeron de la zona.<\/p>\n\n\n\n<p>Personal de la Fiscal\u00eda General del Estado de Oaxaca contin\u00faa las indagatorias para dar con el paradero de los agresores.<\/p>\n\n\n\n<p>Por otra parte, tambi\u00e9n anoche pero en Santa Mar\u00eda Jalapa del Marqu\u00e9s, municipio de la regi\u00f3n del Istmo, fue ultimada a balazos una persona del sexo masculino.<\/p>\n\n\n\n<p>El crimen se perpetr\u00f3 a un costado de la carretera federal 190, afuera de un local y de manera preliminar se dio a conocer que respondi\u00f3 en vida al nombre de Guillermo V. H.<\/p>\n\n\n\n<p>Hasta el momento se desconocen las causas por las cuales lo asesinaron y el caso contin\u00faa siendo investigado por la Vicefiscal\u00eda Regional del Istmo, dependiente de la Fiscal\u00eda General del Estado de Oaxaca.<\/p>\n","protected":false},"excerpt":{"rendered":"<p>Ismael Garc\u00eda M.\/Zona Roja. Oaxaca, Oax., a 15 de octubre de 2025.- Como Jos\u00e9 Alberto&hellip;<\/p>\n","protected":false},"author":2,"featured_media":85787,"comment_status":"closed","ping_status":"open","sticky":false,"template":"","format":"standard","meta":{"_lmt_disableupdate":"","_lmt_disable":"","_jetpack_memberships_contains_paid_content":false,"footnotes":""},"categories":[109,51],"tags":[1677,4064],"class_list":["post-85786","post","type-post","status-publish","format-standard","has-post-thumbnail","hentry","category-minuto-a-minuto","category-zona-roja","tag-jalapa-del-marques","tag-xoxocotlan-asesinado"],"jetpack_featured_media_url":"https:\/\/zonaroja.com.mx\/wp-content\/uploads\/2025\/10\/Asesinado-Santa-Cruz-Xoxocotlan.jpg","jetpack_sharing_enabled":true,"_links":{"self":[{"href":"https:\/\/zonaroja.com.mx\/index.php?rest_route=\/wp\/v2\/posts\/85786","targetHints":{"allow":["GET"]}}],"collection":[{"href":"https:\/\/zonaroja.com.mx\/index.php?rest_route=\/wp\/v2\/posts"}],"about":[{"href":"https:\/\/zonaroja.com.mx\/index.php?rest_route=\/wp\/v2\/types\/post"}],"author":[{"embeddable":true,"href":"https:\/\/zonaroja.com.mx\/index.php?rest_route=\/wp\/v2\/users\/2"}],"replies":[{"embeddable":true,"href":"https:\/\/zonaroja.com.mx\/index.php?rest_route=%2Fwp%2Fv2%2Fcomments&post=85786"}],"version-history":[{"count":1,"href":"https:\/\/zonaroja.com.mx\/index.php?rest_route=\/wp\/v2\/posts\/85786\/revisions"}],"predecessor-version":[{"id":85788,"href":"https:\/\/zonaroja.com.mx\/index.php?rest_route=\/wp\/v2\/posts\/85786\/revisions\/85788"}],"wp:featuredmedia":[{"embeddable":true,"href":"https:\/\/zonaroja.com.mx\/index.php?rest_route=\/wp\/v2\/media\/85787"}],"wp:attachment":[{"href":"https:\/\/zonaroja.com.mx\/index.php?rest_route=%2Fwp%2Fv2%2Fmedia&parent=85786"}],"wp:term":[{"taxonomy":"category","embeddable":true,"href":"https:\/\/zonaroja.com.mx\/index.php?rest_route=%2Fwp%2Fv2%2Fcategories&post=85786"},{"taxonomy":"post_tag","embeddable":true,"href":"https:\/\/zonaroja.com.mx\/index.php?rest_route=%2Fwp%2Fv2%2Ftags&post=85786"}],"curies":[{"name":"wp","href":"https:\/\/api.w.org\/{rel}","templated":true}]}}