{"id":85790,"date":"2025-10-15T09:15:00","date_gmt":"2025-10-15T15:15:00","guid":{"rendered":"https:\/\/zonaroja.com.mx\/?p=85790"},"modified":"2025-10-15T07:35:43","modified_gmt":"2025-10-15T13:35:43","slug":"atiende-gobierno-a-seccion-22-pero-ocultan-los-acuerdos","status":"publish","type":"post","link":"https:\/\/zonaroja.com.mx\/?p=85790","title":{"rendered":"Atiende gobierno a Secci\u00f3n 22\u2026 pero ocultan los acuerdos"},"content":{"rendered":"\n<p>Raymundo Morales\/Zona Roja.<\/p>\n\n\n\n<p>Oaxaca, Oax., a 15 de octubre de 2025.- Luego de dos d\u00edas de intensa jornada de movilizaciones, que incluy\u00f3 bloqueo de vialidades en la capital de Oaxaca, representantes del nivel Ind\u00edgena de afiliados a la Secci\u00f3n 22 del SNTE fueron atendidos por el gobierno estatal.<\/p>\n\n\n\n<p>Luego de varias horas de di\u00e1logo con funcionarios del Instituto Estatal de Educaci\u00f3n P\u00fablica de Oaxaca (IEEPO), posaron triunfantes con el pu\u00f1o en alto en la escalinata principal del Palacio de Gobierno; sin embargo, hasta el momento ambas partes ocultan los acuerdos.<\/p>\n\n\n\n<p>\u201cDespu\u00e9s de dos d\u00edas de intensas movilizaciones, bloqueos estrat\u00e9gicos y manifestaciones en la capital del estado, el Nivel de Educaci\u00f3n de los Pueblos Originarios de Oaxaca concluy\u00f3 la mesa de negociaci\u00f3n con el Instituto Estatal de Educaci\u00f3n P\u00fablica de Oaxaca (IEEPO), en la que participaron representantes de la Secretar\u00eda de Trabajos y Conflictos, el Enlace de la Comisi\u00f3n Pol\u00edtica e integrantes de la Direcci\u00f3n General de Educaci\u00f3n de los Pueblos Originarios de Oaxaca (DGEPOO).<\/p>\n\n\n\n<p>\u201cDurante este proceso, las y los docentes reafirmaron su exigencia de una mesa resolutiva, no de simulaci\u00f3n, que atienda las demandas hist\u00f3ricas del nivel. El Nivel de los Pueblos Originarios, que atiende a m\u00e1s de 166 mil estudiantes en 4,422 escuelas ubicadas en las comunidades m\u00e1s apartadas del estado, ratific\u00f3 su compromiso con una educaci\u00f3n con identidad, en lengua materna y con pertinencia cultural.<\/p>\n\n\n\n<p>\u201cDesde este espacio de lucha, las y los trabajadores de la educaci\u00f3n advierten que continuar\u00e1n en alerta m\u00e1xima hasta que los compromisos se cumplan en los hechos, y no en el discurso\u201d difundi\u00f3 la gremial a trav\u00e9s de su perfil oficial en Facebook.<\/p>\n\n\n\n<p>La mesa de trabajo fue presidida por el titular del IEEPO, Emilio Montero P\u00e9rez, pero ninguna de las dos partes han precisado los compromisos asumidos.<\/p>\n\n\n\n<p>Ayer, segundo d\u00eda de movilizaciones del nivel Ind\u00edgena, no concluyeron las 48 horas de movilizaciones que hab\u00edan anunciado pues, de manera sorpresiva, alrededor de las 13:00 horas comenzaron a retirar los bloqueos en inmediaciones del crucero vial de Cinco Se\u00f1ores y del monumento a la Madre.<\/p>\n\n\n\n<p>Tras ello se concentraron en el z\u00f3calo, donde desde temprana hora la mayor\u00eda de docentes ya recog\u00eda lonas y tiendas de campa\u00f1a.<\/p>\n\n\n\n<p>Mientras tanto, los jubilados de la Secci\u00f3n 22 bloquearon por segunda semana consecutiva la sede de la gremial y la calle de Armenta y L\u00f3pez del centro de la ciudad de Oaxaca.<\/p>\n\n\n\n<p>En tanto que los supervisores y jefes de sector del magisterio, en tercera semana de protestas, bloquearon ayer las calles de Reforma, Independencia, Fiallo y avenida Ju\u00e1rez.<\/p>\n\n\n\n<p>Mientras que una nueva manifestaci\u00f3n magisterial, ahora de integrantes del Personal de Apoyo y Asistencia a la Educaci\u00f3n (PAAE) protestaron con quema de llantas en la calle Belisario Dom\u00ednguez, colonia Reforma de la ciudad de Oaxaca.<\/p>\n","protected":false},"excerpt":{"rendered":"<p>Raymundo Morales\/Zona Roja. Oaxaca, Oax., a 15 de octubre de 2025.- Luego de dos d\u00edas&hellip;<\/p>\n","protected":false},"author":2,"featured_media":85791,"comment_status":"closed","ping_status":"open","sticky":false,"template":"","format":"standard","meta":{"_lmt_disableupdate":"","_lmt_disable":"","_jetpack_memberships_contains_paid_content":false,"footnotes":""},"categories":[109,47],"tags":[312],"class_list":["post-85790","post","type-post","status-publish","format-standard","has-post-thumbnail","hentry","category-minuto-a-minuto","category-zona-gris","tag-seccion-22-del-snte"],"jetpack_featured_media_url":"https:\/\/zonaroja.com.mx\/wp-content\/uploads\/2025\/10\/Negociacion-Seccion-22-Pueblos-Originarios-y-gobierno.jpg","jetpack_sharing_enabled":true,"_links":{"self":[{"href":"https:\/\/zonaroja.com.mx\/index.php?rest_route=\/wp\/v2\/posts\/85790","targetHints":{"allow":["GET"]}}],"collection":[{"href":"https:\/\/zonaroja.com.mx\/index.php?rest_route=\/wp\/v2\/posts"}],"about":[{"href":"https:\/\/zonaroja.com.mx\/index.php?rest_route=\/wp\/v2\/types\/post"}],"author":[{"embeddable":true,"href":"https:\/\/zonaroja.com.mx\/index.php?rest_route=\/wp\/v2\/users\/2"}],"replies":[{"embeddable":true,"href":"https:\/\/zonaroja.com.mx\/index.php?rest_route=%2Fwp%2Fv2%2Fcomments&post=85790"}],"version-history":[{"count":1,"href":"https:\/\/zonaroja.com.mx\/index.php?rest_route=\/wp\/v2\/posts\/85790\/revisions"}],"predecessor-version":[{"id":85792,"href":"https:\/\/zonaroja.com.mx\/index.php?rest_route=\/wp\/v2\/posts\/85790\/revisions\/85792"}],"wp:featuredmedia":[{"embeddable":true,"href":"https:\/\/zonaroja.com.mx\/index.php?rest_route=\/wp\/v2\/media\/85791"}],"wp:attachment":[{"href":"https:\/\/zonaroja.com.mx\/index.php?rest_route=%2Fwp%2Fv2%2Fmedia&parent=85790"}],"wp:term":[{"taxonomy":"category","embeddable":true,"href":"https:\/\/zonaroja.com.mx\/index.php?rest_route=%2Fwp%2Fv2%2Fcategories&post=85790"},{"taxonomy":"post_tag","embeddable":true,"href":"https:\/\/zonaroja.com.mx\/index.php?rest_route=%2Fwp%2Fv2%2Ftags&post=85790"}],"curies":[{"name":"wp","href":"https:\/\/api.w.org\/{rel}","templated":true}]}}