{"id":85793,"date":"2025-10-15T10:15:00","date_gmt":"2025-10-15T16:15:00","guid":{"rendered":"https:\/\/zonaroja.com.mx\/?p=85793"},"modified":"2025-10-15T07:46:49","modified_gmt":"2025-10-15T13:46:49","slug":"estados-unidos-habria-retirado-visas-a-50-politicos-mexicanos","status":"publish","type":"post","link":"https:\/\/zonaroja.com.mx\/?p=85793","title":{"rendered":"Estados Unidos habr\u00eda retirado visas a 50 pol\u00edticos mexicanos"},"content":{"rendered":"\n<p>Redacci\u00f3n\/Zona Roja Cdmx.<\/p>\n\n\n\n<p>(Informaci\u00f3n del diario \u201c24 Horas\u201d)<\/p>\n\n\n\n<p>Ciudad de M\u00e9xico, a 15 de octubre de 2025.- Durante la ma\u00f1ana de este martes 14 de octubre, la agencia de noticias \u00abReuters\u00bb inform\u00f3 que el Gobierno de Estados Unidos le retir\u00f3 sus visas a cerca de 50 pol\u00edticos mexicanos. Esto presuntamente como parte de una estrategia de Donald Trump contra los c\u00e1rteles de la droga y sus presuntos aliados pol\u00edticos.<\/p>\n\n\n\n<p>A pesar de que el art\u00edculo no menciona el nombre de algunos de estos funcionarios sancionados, se habla de que entre los afectados hay funcionarios gubernamentales. Las fuentes reveladas en esta informaci\u00f3n se\u00f1alan que dentro de los involucrados no solo hay pol\u00edticos de Morena, sino tambi\u00e9n de otros partidos.<\/p>\n\n\n\n<p>Debido a la situaci\u00f3n sobre las visas de estos pol\u00edticos mexicanos, la fuente pidi\u00f3 mantenerse en el anonimato. Tambi\u00e9n se menciona que estas acciones forman parte de un nuevo m\u00e9todo de presi\u00f3n por parte de Donald Trump en contra de nuestro pa\u00eds.<\/p>\n\n\n\n<p>Recordemos que hace un par de meses, la gobernadora de Baja California, Marina del Pilar, inform\u00f3 que tanto ella como su ahora exesposo les hab\u00edan revocado sus visas. Tras la noticia, neg\u00f3 que tenga alg\u00fan v\u00ednculo con grupos criminales y comenz\u00f3 a especularse que la causa se debi\u00f3 a otros temas.<\/p>\n\n\n\n<p>Desde el regreso de Donald Trump al poder, la revocaci\u00f3n de visas se volvi\u00f3 un tema com\u00fan con diversos funcionarios, no solo de M\u00e9xico, sino tambi\u00e9n de otros pa\u00edses. El caso m\u00e1s reciente tuvo lugar hace un par de semanas cuando el presidente de Colombia, Gustavo Petro, revel\u00f3 que le hab\u00edan revocado su visa.<\/p>\n\n\n\n<p>Ante esto, Estados Unidos inform\u00f3 que tomaron esta decisi\u00f3n debido a sus declaraciones \u00abimprudentes e incendiarias\u00bb sobre una protesta pro Palestina.<\/p>\n\n\n\n<p>DESCONOCE TEMA<\/p>\n\n\n\n<p>Durante su conferencia Ma\u00f1anera del Pueblo de este martes, a la mandataria nacional se le cuestion\u00f3 sobre esta informaci\u00f3n revelada por Reuters. Debido a ello, Claudia Sheinbaum coment\u00f3 que \u00abno tienen informaci\u00f3n\u00bb respecto a la revocaci\u00f3n de documentos.<\/p>\n\n\n\n<p>Adem\u00e1s de ello, se\u00f1al\u00f3 que Estados Unidos no le informa cuando se han revocado visas a pol\u00edticos mexicanos. Esto debido a que el tema est\u00e1 involucrado directamente con la persona en cuesti\u00f3n y no necesariamente con el gobierno.<\/p>\n\n\n\n<p>Hasta el momento, no se han revelado m\u00e1s detalles o nombres de funcionarios involucrados con este tema.<\/p>\n","protected":false},"excerpt":{"rendered":"<p>Redacci\u00f3n\/Zona Roja Cdmx. (Informaci\u00f3n del diario \u201c24 Horas\u201d) Ciudad de M\u00e9xico, a 15 de octubre&hellip;<\/p>\n","protected":false},"author":2,"featured_media":85794,"comment_status":"closed","ping_status":"open","sticky":false,"template":"","format":"standard","meta":{"_lmt_disableupdate":"","_lmt_disable":"","_jetpack_memberships_contains_paid_content":false,"footnotes":""},"categories":[109,47],"tags":[],"class_list":["post-85793","post","type-post","status-publish","format-standard","has-post-thumbnail","hentry","category-minuto-a-minuto","category-zona-gris"],"jetpack_featured_media_url":"https:\/\/zonaroja.com.mx\/wp-content\/uploads\/2025\/10\/Visas-politicos-mexicanos-Reuters.jpg","jetpack_sharing_enabled":true,"_links":{"self":[{"href":"https:\/\/zonaroja.com.mx\/index.php?rest_route=\/wp\/v2\/posts\/85793","targetHints":{"allow":["GET"]}}],"collection":[{"href":"https:\/\/zonaroja.com.mx\/index.php?rest_route=\/wp\/v2\/posts"}],"about":[{"href":"https:\/\/zonaroja.com.mx\/index.php?rest_route=\/wp\/v2\/types\/post"}],"author":[{"embeddable":true,"href":"https:\/\/zonaroja.com.mx\/index.php?rest_route=\/wp\/v2\/users\/2"}],"replies":[{"embeddable":true,"href":"https:\/\/zonaroja.com.mx\/index.php?rest_route=%2Fwp%2Fv2%2Fcomments&post=85793"}],"version-history":[{"count":1,"href":"https:\/\/zonaroja.com.mx\/index.php?rest_route=\/wp\/v2\/posts\/85793\/revisions"}],"predecessor-version":[{"id":85795,"href":"https:\/\/zonaroja.com.mx\/index.php?rest_route=\/wp\/v2\/posts\/85793\/revisions\/85795"}],"wp:featuredmedia":[{"embeddable":true,"href":"https:\/\/zonaroja.com.mx\/index.php?rest_route=\/wp\/v2\/media\/85794"}],"wp:attachment":[{"href":"https:\/\/zonaroja.com.mx\/index.php?rest_route=%2Fwp%2Fv2%2Fmedia&parent=85793"}],"wp:term":[{"taxonomy":"category","embeddable":true,"href":"https:\/\/zonaroja.com.mx\/index.php?rest_route=%2Fwp%2Fv2%2Fcategories&post=85793"},{"taxonomy":"post_tag","embeddable":true,"href":"https:\/\/zonaroja.com.mx\/index.php?rest_route=%2Fwp%2Fv2%2Ftags&post=85793"}],"curies":[{"name":"wp","href":"https:\/\/api.w.org\/{rel}","templated":true}]}}