{"id":8580,"date":"2020-02-09T08:34:35","date_gmt":"2020-02-09T14:34:35","guid":{"rendered":"http:\/\/www.zonaroja.com.mx\/?p=8580"},"modified":"2020-02-09T08:34:37","modified_gmt":"2020-02-09T14:34:37","slug":"dan-en-oaxaca-mas-de-medio-siglo-de-prision-a-feminicida-de-maestra-jubilada","status":"publish","type":"post","link":"https:\/\/zonaroja.com.mx\/?p=8580","title":{"rendered":"Dan en Oaxaca m\u00e1s de medio siglo de prisi\u00f3n a feminicida de maestra jubilada"},"content":{"rendered":"\n<p>Redacci\u00f3n\/Zona Roja.<\/p>\n\n\n\n<p>Oaxaca de Ju\u00e1rez, Oax., 9 de febrero de\n2020.- Un juez del Poder Judicial de Oaxaca sentenci\u00f3 a 53 a\u00f1os de prisi\u00f3n a un\nindividuo por el feminicidio de una profesora jubilada, en Pinotepa de Don\nLuis, municipio de la regi\u00f3n Costa de Oaxaca.<\/p>\n\n\n\n<p>En la audiencia celebrada el 1 de\nfebrero del 2020, el Tribunal de Enjuiciamiento dict\u00f3 sentencia condenatoria\ncontra I. B. P. G., en que adem\u00e1s le impuso el pago de 50 mil 200 pesos por\nconcepto de reparaci\u00f3n del da\u00f1o y una multa de 377 mil pesos.<\/p>\n\n\n\n<p>La Fiscal\u00eda General del Estado inform\u00f3\nque seg\u00fan la causa penal n\u00famero 325\/2017, el pasado 13 de septiembre del 2017,\nse report\u00f3 el hallazgo del cuerpo de la v\u00edctima identificada como E. H. R., en\nuna de las habitaciones de un hotel ubicado en el referido municipio, el cual\npresentaba varias lesiones en diferentes partes del cuerpo, las cuales le\ncausaron la muerte.<\/p>\n\n\n\n<p>En un comunicado detall\u00f3 que despu\u00e9s de\nrealizar diversas diligencias, se obtuvieron las pruebas que permitieron\nesclarecer los hechos y acreditar la responsabilidad del imputado I. B. P. G.,\nquien fue detenido por elementos de la Agencia Estatal de Investigaciones y\npuesto a disposici\u00f3n de la autoridad judicial.<\/p>\n\n\n\n<p>OTRO VIOLADOR<\/p>\n\n\n\n<p>Por otra parte, seg\u00fan detall\u00f3 la\nFiscal\u00eda en otro comunicado, el Tribunal de Enjuiciamiento del Poder Judicial\nde Oaxaca dict\u00f3 sentencia condenatoria por m\u00e1s de 11 a\u00f1os de prisi\u00f3n contra G.\nM. O., quien fue hallado responsable del delito de violaci\u00f3n equiparada en\nagravio de M. J. R., cometido en mayo de 2019, en San Miguel Quetzaltepec.<\/p>\n\n\n\n<p>De acuerdo con la causa penal 370\/2019,\nel 18 de mayo de 2019, aproximadamente entre las 17:00 horas y las 17:20 horas,\ncuando la v\u00edctima caminaba en inmediaciones del camino a El Calvario, Sector 8,\nSan Miguel Quetzaltepec, fue abordada por el imputado, quien la someti\u00f3 y le\nimpuso la c\u00f3pula.<\/p>\n\n\n\n<p>Tras las investigaciones fue identificando,\naprehendiendo y presentando ante el Juzgado de Control al responsable.<\/p>\n\n\n\n<p>En audiencia, el Tribunal de\nEnjuiciamiento dict\u00f3 sentencia condenatoria contra G. M. O., imponi\u00e9ndole la\npena de 11 a\u00f1os y 4 meses de prisi\u00f3n, as\u00ed como el pago de una multa de m\u00e1s de\n95 mil pesos y 12 mil pesos por concepto de reparaci\u00f3n del da\u00f1o.<\/p>\n","protected":false},"excerpt":{"rendered":"<p>Redacci\u00f3n\/Zona Roja. Oaxaca de Ju\u00e1rez, Oax., 9 de febrero de 2020.- Un juez del Poder&hellip;<\/p>\n","protected":false},"author":2,"featured_media":8581,"comment_status":"closed","ping_status":"open","sticky":false,"template":"","format":"standard","meta":{"_lmt_disableupdate":"","_lmt_disable":"","_jetpack_memberships_contains_paid_content":false,"footnotes":""},"categories":[109,46],"tags":[494,223],"class_list":["post-8580","post","type-post","status-publish","format-standard","has-post-thumbnail","hentry","category-minuto-a-minuto","category-zona-blanca","tag-fiscalia-general-del-estado-de-oaxaca","tag-poder-judicial-de-oaxaca"],"jetpack_featured_media_url":"https:\/\/zonaroja.com.mx\/wp-content\/uploads\/2020\/02\/Juicio-Oral.jpg","jetpack_sharing_enabled":true,"_links":{"self":[{"href":"https:\/\/zonaroja.com.mx\/index.php?rest_route=\/wp\/v2\/posts\/8580","targetHints":{"allow":["GET"]}}],"collection":[{"href":"https:\/\/zonaroja.com.mx\/index.php?rest_route=\/wp\/v2\/posts"}],"about":[{"href":"https:\/\/zonaroja.com.mx\/index.php?rest_route=\/wp\/v2\/types\/post"}],"author":[{"embeddable":true,"href":"https:\/\/zonaroja.com.mx\/index.php?rest_route=\/wp\/v2\/users\/2"}],"replies":[{"embeddable":true,"href":"https:\/\/zonaroja.com.mx\/index.php?rest_route=%2Fwp%2Fv2%2Fcomments&post=8580"}],"version-history":[{"count":1,"href":"https:\/\/zonaroja.com.mx\/index.php?rest_route=\/wp\/v2\/posts\/8580\/revisions"}],"predecessor-version":[{"id":8582,"href":"https:\/\/zonaroja.com.mx\/index.php?rest_route=\/wp\/v2\/posts\/8580\/revisions\/8582"}],"wp:featuredmedia":[{"embeddable":true,"href":"https:\/\/zonaroja.com.mx\/index.php?rest_route=\/wp\/v2\/media\/8581"}],"wp:attachment":[{"href":"https:\/\/zonaroja.com.mx\/index.php?rest_route=%2Fwp%2Fv2%2Fmedia&parent=8580"}],"wp:term":[{"taxonomy":"category","embeddable":true,"href":"https:\/\/zonaroja.com.mx\/index.php?rest_route=%2Fwp%2Fv2%2Fcategories&post=8580"},{"taxonomy":"post_tag","embeddable":true,"href":"https:\/\/zonaroja.com.mx\/index.php?rest_route=%2Fwp%2Fv2%2Ftags&post=8580"}],"curies":[{"name":"wp","href":"https:\/\/api.w.org\/{rel}","templated":true}]}}