{"id":85804,"date":"2025-10-15T13:04:00","date_gmt":"2025-10-15T19:04:00","guid":{"rendered":"https:\/\/zonaroja.com.mx\/?p=85804"},"modified":"2025-10-15T08:06:29","modified_gmt":"2025-10-15T14:06:29","slug":"retomara-ayuntamiento-alcoholimetros-analizan-caso-arrancones","status":"publish","type":"post","link":"https:\/\/zonaroja.com.mx\/?p=85804","title":{"rendered":"Retomar\u00e1 ayuntamiento alcohol\u00edmetros; analizan caso \u201carrancones\u201d\u00a0"},"content":{"rendered":"\n<p>Lisbeth Mej\u00eda Reyes\/Zona Roja.<\/p>\n\n\n\n<p>Oaxaca, Oax., a 15 de octubre de 2025.- Tras la suspensi\u00f3n de los operativos en la pasada administraci\u00f3n municipal y la posterior indicaci\u00f3n del gobierno estatal para que quedaran en sus manos, el ayuntamiento de Oaxaca de Ju\u00e1rez alista la reanudaci\u00f3n de los operativos de alcohol\u00edmetro.&nbsp;<\/p>\n\n\n\n<p>Como parte de ello, el Cabildo de la ciudad aprob\u00f3 este martes el protocolo de actuaci\u00f3n para tales operativos, a fin de garantizar su desarrollo con apego a derecho para evitar siniestros viales por el consumo de bebidas alcoh\u00f3licas.<\/p>\n\n\n\n<p>La aprobaci\u00f3n del protocolo fue respaldada de manera un\u00e1nime por los concejales, con una \u00fanica correcci\u00f3n y tras aclarar que no se trata de medidas de recaudaci\u00f3n sino de protecci\u00f3n a la vida.<\/p>\n\n\n\n<p>Posteriormente, en entrevista colectiva, el edil Raymundo Chagoya Villanueva se\u00f1al\u00f3 que al inicio de la administraci\u00f3n no era una prioridad desarrollar estos operativos.&nbsp;<\/p>\n\n\n\n<p>Sin embargo, consider\u00f3 que ya es una responsabilidad que tiene que asumir la administraci\u00f3n local luego de que la carga laboral hab\u00eda reca\u00eddo \u00fanicamente en la Polic\u00eda Vial Estatal.<\/p>\n\n\n\n<p>Al igual que estos operativos, la administraci\u00f3n municipal analizar\u00e1 c\u00f3mo coordinarse con las autoridades de Santa Luc\u00eda del Camino y Santa Cruz Xoxocotl\u00e1n para evitar los \u201carrancones\u201d en las vialidades que comparten.<\/p>\n\n\n\n<p>\u00abVamos a hacer una mesa de (an\u00e1lisis sobre) \u2018arrancones\u2019\u00bb agreg\u00f3 el concejal sobre estas carreras de veh\u00edculos que se suelen efectuar, por ejemplo, en avenida Universidad, en los l\u00edmites con Xoxocotl\u00e1n.&nbsp;<\/p>\n\n\n\n<p>Aunque asegur\u00f3 que su administraci\u00f3n mantiene la vigilancia para disuadir las convocatorias para las carreras clandestinas e ilegales, las cuales incluso son sancionadas conforme al reglamento de Movilidad del ayuntamiento.<\/p>\n\n\n\n<p>Una mesa de trabajo sobre menores de edad que conducen motocicletas es otro de los asuntos que de acuerdo con el concejal se analizar\u00e1n en la administraci\u00f3n, a fin de reducir los riesgos en este sector de la poblaci\u00f3n.<\/p>\n\n\n\n<p>El a\u00f1o pasado, tras la muerte de un estudiante de la universidad An\u00e1huac por disparo de arma de fuego durante su paso por el operativo de alcohol\u00edmetro en Santa Luc\u00eda del Camino, el gobierno estatal determin\u00f3 que los operativos quedaran \u00fanicamente en facultad de la polic\u00eda vial estatal.<\/p>\n\n\n\n<p>Adem\u00e1s de que se pedir\u00eda a seis municipios del valle central, incluida la capital, ya no hacer los operativos y les iban a retirar los dispositivos de medici\u00f3n.<\/p>\n\n\n\n<figure class=\"wp-block-embed is-type-rich is-provider-twitter wp-block-embed-twitter\"><div class=\"wp-block-embed__wrapper\">\n<div class=\"twitter-tweet\"><blockquote class=\"twitter-tweet\" data-lang=\"es\"><p lang=\"es\" dir=\"ltr\">Al t\u00e9rmino de la sesi\u00f3n de Cabildo del <a href=\"https:\/\/twitter.com\/MunicipioOaxaca?ref_src=twsrc%5Etfw\">@MunicipioOaxaca<\/a>, el edil <a href=\"https:\/\/twitter.com\/raychagoya?ref_src=twsrc%5Etfw\">@raychagoya<\/a> fue entrevistado sobre diversos temas: <br>* Confirma el inicio ma\u00f1ana de la segunda fase del programa de bacheos. <br>* Habla de las obras en la Central de Abasto. <br>* Tambi\u00e9n de la reactivaci\u00f3n de los\u2026 <a href=\"https:\/\/t.co\/4dk24oSCq0\">pic.twitter.com\/4dk24oSCq0<\/a><\/p>&mdash; Zona Roja Oaxaca (@ZonaRoja_Oaxaca) <a href=\"https:\/\/twitter.com\/ZonaRoja_Oaxaca\/status\/1978277803813437679?ref_src=twsrc%5Etfw\">15 de octubre de 2025<\/a><\/blockquote><\/div>\n<\/div><\/figure>\n","protected":false},"excerpt":{"rendered":"<p>Lisbeth Mej\u00eda Reyes\/Zona Roja. Oaxaca, Oax., a 15 de octubre de 2025.- Tras la suspensi\u00f3n&hellip;<\/p>\n","protected":false},"author":2,"featured_media":85805,"comment_status":"closed","ping_status":"open","sticky":false,"template":"","format":"standard","meta":{"_lmt_disableupdate":"","_lmt_disable":"","_jetpack_memberships_contains_paid_content":false,"footnotes":""},"categories":[109,46],"tags":[148,4403],"class_list":["post-85804","post","type-post","status-publish","format-standard","has-post-thumbnail","hentry","category-minuto-a-minuto","category-zona-blanca","tag-oaxaca-de-juarez","tag-ray-chagoya"],"jetpack_featured_media_url":"https:\/\/zonaroja.com.mx\/wp-content\/uploads\/2025\/10\/Edil-Raymundo-Chagoya-Villanueva.jpg","jetpack_sharing_enabled":true,"_links":{"self":[{"href":"https:\/\/zonaroja.com.mx\/index.php?rest_route=\/wp\/v2\/posts\/85804","targetHints":{"allow":["GET"]}}],"collection":[{"href":"https:\/\/zonaroja.com.mx\/index.php?rest_route=\/wp\/v2\/posts"}],"about":[{"href":"https:\/\/zonaroja.com.mx\/index.php?rest_route=\/wp\/v2\/types\/post"}],"author":[{"embeddable":true,"href":"https:\/\/zonaroja.com.mx\/index.php?rest_route=\/wp\/v2\/users\/2"}],"replies":[{"embeddable":true,"href":"https:\/\/zonaroja.com.mx\/index.php?rest_route=%2Fwp%2Fv2%2Fcomments&post=85804"}],"version-history":[{"count":1,"href":"https:\/\/zonaroja.com.mx\/index.php?rest_route=\/wp\/v2\/posts\/85804\/revisions"}],"predecessor-version":[{"id":85806,"href":"https:\/\/zonaroja.com.mx\/index.php?rest_route=\/wp\/v2\/posts\/85804\/revisions\/85806"}],"wp:featuredmedia":[{"embeddable":true,"href":"https:\/\/zonaroja.com.mx\/index.php?rest_route=\/wp\/v2\/media\/85805"}],"wp:attachment":[{"href":"https:\/\/zonaroja.com.mx\/index.php?rest_route=%2Fwp%2Fv2%2Fmedia&parent=85804"}],"wp:term":[{"taxonomy":"category","embeddable":true,"href":"https:\/\/zonaroja.com.mx\/index.php?rest_route=%2Fwp%2Fv2%2Fcategories&post=85804"},{"taxonomy":"post_tag","embeddable":true,"href":"https:\/\/zonaroja.com.mx\/index.php?rest_route=%2Fwp%2Fv2%2Ftags&post=85804"}],"curies":[{"name":"wp","href":"https:\/\/api.w.org\/{rel}","templated":true}]}}