{"id":85812,"date":"2025-10-15T13:14:50","date_gmt":"2025-10-15T19:14:50","guid":{"rendered":"https:\/\/zonaroja.com.mx\/?p=85812"},"modified":"2025-10-15T13:14:50","modified_gmt":"2025-10-15T19:14:50","slug":"a-24-horas-de-los-hechos-detiene-fiscalia-a-un-implicado-en-crimen-de-oaxaca-capital","status":"publish","type":"post","link":"https:\/\/zonaroja.com.mx\/?p=85812","title":{"rendered":"A 24 horas de los hechos, detiene Fiscal\u00eda a un implicado en crimen de Oaxaca capital"},"content":{"rendered":"\n<p>Raymundo Morales\/Zona Roja.<\/p>\n\n\n\n<p>Oaxaca, Oax., a 15 de octubre de 2025.- A 24 horas de los hechos, la Fiscal\u00eda General del Estado de Oaxaca (FGEO) detuvo a un individuo como probable responsable de un crimen cometido en la ciudad de Oaxaca.<\/p>\n\n\n\n<p>En un comunicado y sin citar el nombre del aprehendido, inform\u00f3 que junto con otras personas, tiraron el cuerpo envuelto en cart\u00f3n y pl\u00e1stico en la colonia Jard\u00edn de la capital.<\/p>\n\n\n\n<p>De acuerdo con los trabajos llevados a cabo por la FGEO, a trav\u00e9s de la Fiscal\u00eda Especializada para la Atenci\u00f3n a Delitos de Alto Impacto, fue posible establecer que, adem\u00e1s de la persona detenida, son al menos otros tres los responsables (dos hombres y una mujer).<\/p>\n\n\n\n<p>La v\u00edctima, una persona del sexo masculino identificado como S.N.O., tuvo problemas interpersonales con los agresores con quienes habr\u00eda sostenido una discusi\u00f3n que deriv\u00f3 en un ataque en el que lo golpearon para luego envolver el cuerpo con diferentes materiales, el cual tuvieron resguardado en un domicilio durante unos d\u00edas.<\/p>\n\n\n\n<p>Posteriormente, los responsables tomaron el cuerpo de la v\u00edctima y lo trasladaron a un par de cuadras del domicilio donde lo ten\u00edan para despu\u00e9s abandonarlo en la calle de Colorines, en la Colonia Jard\u00edn, sitio en el que lo localizaron el 14 de octubre de 2025.<\/p>\n\n\n\n<p>Los trabajos de investigaci\u00f3n de la Fiscal\u00eda de Oaxaca revelaron la localizaci\u00f3n del domicilio donde habr\u00edan cometido el homicidio, mismo en el que resguardaron el cuerpo, adem\u00e1s de identificar a los responsables, que cuentan con antecedentes por su relaci\u00f3n con diferentes delitos.<\/p>\n","protected":false},"excerpt":{"rendered":"<p>Raymundo Morales\/Zona Roja. Oaxaca, Oax., a 15 de octubre de 2025.- A 24 horas de&hellip;<\/p>\n","protected":false},"author":2,"featured_media":85768,"comment_status":"closed","ping_status":"open","sticky":false,"template":"","format":"standard","meta":{"_lmt_disableupdate":"","_lmt_disable":"","_jetpack_memberships_contains_paid_content":false,"footnotes":""},"categories":[109,46],"tags":[],"class_list":["post-85812","post","type-post","status-publish","format-standard","has-post-thumbnail","hentry","category-minuto-a-minuto","category-zona-blanca"],"jetpack_featured_media_url":"https:\/\/zonaroja.com.mx\/wp-content\/uploads\/2025\/10\/Asesinado-y-tirado-en-caja-colonia-Jardin-ciudad-de-Oaxaca.jpeg","jetpack_sharing_enabled":true,"_links":{"self":[{"href":"https:\/\/zonaroja.com.mx\/index.php?rest_route=\/wp\/v2\/posts\/85812","targetHints":{"allow":["GET"]}}],"collection":[{"href":"https:\/\/zonaroja.com.mx\/index.php?rest_route=\/wp\/v2\/posts"}],"about":[{"href":"https:\/\/zonaroja.com.mx\/index.php?rest_route=\/wp\/v2\/types\/post"}],"author":[{"embeddable":true,"href":"https:\/\/zonaroja.com.mx\/index.php?rest_route=\/wp\/v2\/users\/2"}],"replies":[{"embeddable":true,"href":"https:\/\/zonaroja.com.mx\/index.php?rest_route=%2Fwp%2Fv2%2Fcomments&post=85812"}],"version-history":[{"count":1,"href":"https:\/\/zonaroja.com.mx\/index.php?rest_route=\/wp\/v2\/posts\/85812\/revisions"}],"predecessor-version":[{"id":85813,"href":"https:\/\/zonaroja.com.mx\/index.php?rest_route=\/wp\/v2\/posts\/85812\/revisions\/85813"}],"wp:featuredmedia":[{"embeddable":true,"href":"https:\/\/zonaroja.com.mx\/index.php?rest_route=\/wp\/v2\/media\/85768"}],"wp:attachment":[{"href":"https:\/\/zonaroja.com.mx\/index.php?rest_route=%2Fwp%2Fv2%2Fmedia&parent=85812"}],"wp:term":[{"taxonomy":"category","embeddable":true,"href":"https:\/\/zonaroja.com.mx\/index.php?rest_route=%2Fwp%2Fv2%2Fcategories&post=85812"},{"taxonomy":"post_tag","embeddable":true,"href":"https:\/\/zonaroja.com.mx\/index.php?rest_route=%2Fwp%2Fv2%2Ftags&post=85812"}],"curies":[{"name":"wp","href":"https:\/\/api.w.org\/{rel}","templated":true}]}}