{"id":85817,"date":"2025-10-15T20:01:19","date_gmt":"2025-10-16T02:01:19","guid":{"rendered":"https:\/\/zonaroja.com.mx\/?p=85817"},"modified":"2025-10-15T20:01:22","modified_gmt":"2025-10-16T02:01:22","slug":"tardia-tibia-y-revictimizante-recomendacion-de-la-defensoria-por-caso-de-maria-del-sol","status":"publish","type":"post","link":"https:\/\/zonaroja.com.mx\/?p=85817","title":{"rendered":"Tard\u00eda, tibia y revictimizante, recomendaci\u00f3n de la Defensor\u00eda por caso de Mar\u00eda del Sol"},"content":{"rendered":"\n<p>Lisbeth Mej\u00eda Reyes\/Zona Roja.<\/p>\n\n\n\n<p>Oaxaca, Oax., a 15 de octubre de 2025.- Como tard\u00eda, tibia y revictimizante calific\u00f3 la periodista oaxaque\u00f1a Soledad Jarqu\u00edn Edgar a la recomendaci\u00f3n que emiti\u00f3 la Defensor\u00eda de los Derechos Humanos del Pueblo de Oaxaca (DDHPO) por el feminicidio de su hija, la fotoperiodista Mar\u00eda del Sol Cruz Jarqu\u00edn, ocurrido en un ataque armado el 2 de junio de 2018 en Juchit\u00e1n de Zaragoza. Bajo pena de perder su trabajo, la joven hab\u00eda sido enviada por su entonces jefe, Francisco Montero L\u00f3pez, a cubrir la campa\u00f1a electoral del hermano de \u00e9ste, Hageo Montero.<\/p>\n\n\n\n<p>\u00abNo es una muestra de justicia, es el reflejo de las instituciones que llega tarde, sin escuchar a la v\u00edctima y sin entender su papel en la defensa real de los derechos\u00bb, expres\u00f3 Soledad en conferencia de prensa realizada este mi\u00e9rcoles.<\/p>\n\n\n\n<p>Aquel 2 de junio, Mar\u00eda del Sol fue asesinada cuando acompa\u00f1aba a Pamela Ter\u00e1n, integrante de la planilla de Hageo Montero y aspirante a s\u00edndica. En el hecho, tambi\u00e9n fue privado de la vida el chofer de Ter\u00e1n, Adelfo Guerra.<\/p>\n\n\n\n<p>En compa\u00f1\u00eda de la organizaci\u00f3n Consorcio para el Di\u00e1logo Parlamentario y la Equidad, lament\u00f3 que hayan tenido que transcurrir siete a\u00f1os y cuatro meses desde la muerte de su hija y seis a\u00f1os de la queja formal para que el \u00f3rgano encabezado por Elizabeth Lara Rodr\u00edguez se haya pronunciado, pero con una recomendaci\u00f3n que mantiene los errores se\u00f1alados desde el 2023 por la organizaci\u00f3n y la periodista.<\/p>\n\n\n\n<p>En estos a\u00f1os, dijo, pasaron tres titulares de la DDHPO, tres titulares de la Fiscal\u00eda General del Estado de Oaxaca, dos gobernadores y tres legislaturas locales. \u00abAs\u00ed de larga ha sido la dilaci\u00f3n y revictimizaci\u00f3n\u00bb, agreg\u00f3 la periodista.&nbsp;<\/p>\n\n\n\n<p>Como \u00faltimo recurso en su lucha, Soledad llev\u00f3 en 2022 el caso de Mar\u00eda del Sol ante la Convenci\u00f3n sobre la Eliminaci\u00f3n de Todas las Formas de Discriminaci\u00f3n contra la Mujer (CEDAW) para que sea esta la que resuelva en contra del Estado Mexicano por la obstrucci\u00f3n a la justicia.<\/p>\n\n\n\n<p>Este mi\u00e9rcoles, en conferencia de prensa frente al Palacio de Gobierno, la tambi\u00e9n autora del libro \u00abRevelaciones de un Crimen de Estado\u00bb, extern\u00f3 que la resoluci\u00f3n emitida fuera de tiempo no es justicia sino simulaci\u00f3n.\u00a0<\/p>\n\n\n\n<figure class=\"wp-block-embed is-type-rich is-provider-twitter wp-block-embed-twitter\"><div class=\"wp-block-embed__wrapper\">\n<div class=\"twitter-tweet\"><blockquote class=\"twitter-tweet\" data-lang=\"es\"><p lang=\"es\" dir=\"ltr\"><a href=\"https:\/\/twitter.com\/hashtag\/ENVIVO?src=hash&amp;ref_src=twsrc%5Etfw\">#ENVIVO<\/a><br>Conferencia de prensa de la periodista <a href=\"https:\/\/twitter.com\/jarquinedgar?ref_src=twsrc%5Etfw\">@jarquinedgar<\/a> y <a href=\"https:\/\/twitter.com\/consorciooaxaca?ref_src=twsrc%5Etfw\">@consorciooaxaca<\/a> respecto a la recomendaci\u00f3n emitida por la <a href=\"https:\/\/twitter.com\/DDHPO?ref_src=twsrc%5Etfw\">@DDHPO<\/a> del caso Mar\u00eda del Sol Cruz Jarqu\u00edn. <br>\ud83d\udc47<a href=\"https:\/\/t.co\/kcay1fwtYF\">https:\/\/t.co\/kcay1fwtYF<\/a><\/p>&mdash; Zona Roja Oaxaca (@ZonaRoja_Oaxaca) <a href=\"https:\/\/twitter.com\/ZonaRoja_Oaxaca\/status\/1978527894579105892?ref_src=twsrc%5Etfw\">15 de octubre de 2025<\/a><\/blockquote><\/div>\n<\/div><\/figure>\n\n\n\n<p>La recomendaci\u00f3n, difundida el pasado lunes por la Defensor\u00eda y en la que , tambi\u00e9n omite a las y los funcionarios que obstaculizaron la justicia para Mar\u00eda del Sol, explica Soledad Jarqu\u00edn sobre el ex fiscal general Rub\u00e9n Vasconcelos M\u00e9ndez, Jorge Emilio Iruegas \u00c1lvarez, quien fue Fiscal Especializado en Combate a la Corrupci\u00f3n de Oaxaca; Esther Araceli Pinelo L\u00f3pez, ex fiscal Especializada en Delitos Electorales, \u00aby otras personas que tuvieron que ver y no hicieron su trabajo. Ellos no son tocados en esa recomendaci\u00f3n\u00bb.<\/p>\n\n\n\n<p>\u00abLa resoluci\u00f3n 19\/2025 no garantiza seguridad ni reparaci\u00f3n. No establece mecanismos de seguimiento ni protecci\u00f3n real para la v\u00edctima\u00bb, refiri\u00f3 la organizaci\u00f3n Consorcio, al exigir a la DDHPO que asuma su responsabilidad como una instituci\u00f3n garante de derechos y no sea una oficina de tr\u00e1mite.<\/p>\n\n\n\n<p>Yesica S\u00e1nchez Maya, de la direcci\u00f3n colegiada de la organizaci\u00f3n Consorcio Oaxaca, calific\u00f3 la recomendaci\u00f3n como una simulaci\u00f3n de parte de la Defensor\u00eda y que pareciera utilizar el caso de Mar\u00eda del Sol a su favor, pues conoci\u00f3 de la queja desde el 2018, aunque la admiti\u00f3 como tal en 2019.<\/p>\n\n\n\n<p>El caso de Mar\u00eda del Sol es un crimen de Estado, subray\u00f3 Maya en referencia al libro en el que la periodista y madre de la fot\u00f3grafa narra la lucha por la justicia que le prometi\u00f3 a su hija.<\/p>\n\n\n\n<p>\u00abY eso es lo que tampoco logr\u00f3 engarzar la Defensor\u00eda porque esto le hubiera dado una actualizaci\u00f3n incluso a su recomendaci\u00f3n. Estamos hablando de un esquema y sistema de impunidad y lo que tenemos es un crimen de Estado donde se juntaron acci\u00f3n, omisi\u00f3n, complicidades, amenazas, hostigamiento, premiaciones a funcionariados que estuvieron en el proceso de impunidad\u00bb, apunt\u00f3 Maya S\u00e1nchez.<\/p>\n\n\n\n<p>M\u00daLTIPLES CARPETAS<\/p>\n\n\n\n<p>Soledad Jarqu\u00edn detall\u00f3 que aunque se abrieron varias carpetas de investigaci\u00f3n por los presuntos delitos en contra de su hija, hasta el momento no ha habido justicia y, en cambio, cada expediente se ha cerrado dejando en la impunidad la muerte de Sol.<\/p>\n\n\n\n<p>La carpeta de investigaci\u00f3n por homicidio calificado fue cerrada en 2021; la de feminicidio, que era una investigaci\u00f3n prometida por el ex fiscal Arturo P\u00e9imbert, fue cerrada en diciembre de 2023; la carpeta de robo (de la c\u00e1mara, computadora y fotograf\u00edas) s\u00ed tuvo una resoluci\u00f3n en la que se sentenci\u00f3 a m\u00e1s de 13 a\u00f1os a Heliodoro Altamirano Charis, sin embargo, a tres a\u00f1os de sentencia, el responsable del delito no ha pisado la c\u00e1rcel y permanece pr\u00f3fugo.<\/p>\n\n\n\n<p>En tanto, la carpeta de investigaci\u00f3n por delito electoral \u00abest\u00e1 en el limbo\u00bb y a punto de prescribir, mientras que de la carpeta por el delito de corrupci\u00f3n sigue en el Tribunal Administrativo y desconocen el estado en que se encuentra, pues lo \u00faltimo que supo es que hab\u00eda un amparo de por medio.<\/p>\n","protected":false},"excerpt":{"rendered":"<p>Lisbeth Mej\u00eda Reyes\/Zona Roja. Oaxaca, Oax., a 15 de octubre de 2025.- Como tard\u00eda, tibia&hellip;<\/p>\n","protected":false},"author":2,"featured_media":85818,"comment_status":"closed","ping_status":"open","sticky":false,"template":"","format":"standard","meta":{"_lmt_disableupdate":"","_lmt_disable":"","_jetpack_memberships_contains_paid_content":false,"footnotes":""},"categories":[109,47],"tags":[548,1059,1105],"class_list":["post-85817","post","type-post","status-publish","format-standard","has-post-thumbnail","hentry","category-minuto-a-minuto","category-zona-gris","tag-consorcio-oaxaca","tag-maria-del-sol-cruz-jarquin","tag-soledad-jarquin-edgar"],"jetpack_featured_media_url":"https:\/\/zonaroja.com.mx\/wp-content\/uploads\/2025\/10\/Conferencia-Soledad-Jarquin-y-Consorcio.jpg","jetpack_sharing_enabled":true,"_links":{"self":[{"href":"https:\/\/zonaroja.com.mx\/index.php?rest_route=\/wp\/v2\/posts\/85817","targetHints":{"allow":["GET"]}}],"collection":[{"href":"https:\/\/zonaroja.com.mx\/index.php?rest_route=\/wp\/v2\/posts"}],"about":[{"href":"https:\/\/zonaroja.com.mx\/index.php?rest_route=\/wp\/v2\/types\/post"}],"author":[{"embeddable":true,"href":"https:\/\/zonaroja.com.mx\/index.php?rest_route=\/wp\/v2\/users\/2"}],"replies":[{"embeddable":true,"href":"https:\/\/zonaroja.com.mx\/index.php?rest_route=%2Fwp%2Fv2%2Fcomments&post=85817"}],"version-history":[{"count":1,"href":"https:\/\/zonaroja.com.mx\/index.php?rest_route=\/wp\/v2\/posts\/85817\/revisions"}],"predecessor-version":[{"id":85819,"href":"https:\/\/zonaroja.com.mx\/index.php?rest_route=\/wp\/v2\/posts\/85817\/revisions\/85819"}],"wp:featuredmedia":[{"embeddable":true,"href":"https:\/\/zonaroja.com.mx\/index.php?rest_route=\/wp\/v2\/media\/85818"}],"wp:attachment":[{"href":"https:\/\/zonaroja.com.mx\/index.php?rest_route=%2Fwp%2Fv2%2Fmedia&parent=85817"}],"wp:term":[{"taxonomy":"category","embeddable":true,"href":"https:\/\/zonaroja.com.mx\/index.php?rest_route=%2Fwp%2Fv2%2Fcategories&post=85817"},{"taxonomy":"post_tag","embeddable":true,"href":"https:\/\/zonaroja.com.mx\/index.php?rest_route=%2Fwp%2Fv2%2Ftags&post=85817"}],"curies":[{"name":"wp","href":"https:\/\/api.w.org\/{rel}","templated":true}]}}