{"id":85823,"date":"2025-10-15T22:00:39","date_gmt":"2025-10-16T04:00:39","guid":{"rendered":"https:\/\/zonaroja.com.mx\/?p=85823"},"modified":"2025-10-15T22:00:42","modified_gmt":"2025-10-16T04:00:42","slug":"escalan-protestas-en-la-uabjo-sindicato-se-deslinda-y-apoya-a-rector","status":"publish","type":"post","link":"https:\/\/zonaroja.com.mx\/?p=85823","title":{"rendered":"Escalan protestas en la UABJO; sindicato se deslinda y apoya a rector"},"content":{"rendered":"\n<p>Lisbeth Mej\u00eda Reyes\/Zona Roja.<\/p>\n\n\n\n<p>Oaxaca, Oax., a 15 de octubre de 2025.- Pese al desconocimiento de su dirigencia, un grupo del Sindicato de Trabajadores y Empleados de la Universidad Aut\u00f3noma Benito Ju\u00e1rez de Oaxaca (STEUABJO) ha radicalizado sus protestas en Ciudad Universitaria y diversas facultades de la m\u00e1xima casa de estudios como medidas de presi\u00f3n para exigir transparencia en la presunta asignaci\u00f3n de bases por parte del rector, Cristian \u00c9der Carre\u00f1o.<\/p>\n\n\n\n<p>A trav\u00e9s de un video, el grupo que desde el pasado 2 de octubre \u201ctom\u00f3\u201d la rector\u00eda y despu\u00e9s las facultades, advirti\u00f3 que no liberar\u00e1 las instalaciones \u00abhasta que no se aclaren todas las minutas, hasta que no se abran todas las bolsas de trabajo\u00bb. Tambi\u00e9n lanz\u00f3 un llamado para que otros compa\u00f1eros se sumen a la manifestaci\u00f3n y responsabiliz\u00f3 al rector por lo que le pudiera ocurrir en esta protesta.<\/p>\n\n\n\n<p>En tanto, este martes el comit\u00e9 ejecutivo 2025-2028 del STEUABJO se volvi\u00f3 a deslindar de la protesta y acus\u00f3 que es \u00fanicamente por parte de un grupo que no tiene ninguna representaci\u00f3n legal ni cargo para establecer alguna negociaci\u00f3n con las autoridades universitarias o del gobierno.<\/p>\n\n\n\n<p>Al hacer un llamado para que liberaran las instalaciones a m\u00e1s tardar a la medianoche de ayer martes, el comit\u00e9 encabezado por Eulalia Cristina Gonz\u00e1lez Ramos advirti\u00f3 a sus compa\u00f1eros que de no acatar tal disposici\u00f3n quedar\u00e1n desprotegidos por parte de la representaci\u00f3n.<\/p>\n\n\n\n<p>En el comunicado emitido este martes, el comit\u00e9 tambi\u00e9n acord\u00f3 que ning\u00fan integrante puede usar las siglas del sindicato con fines personales y que toda toma debe estar respaldada por la asamblea general o, en su defecto, por alguna delegaci\u00f3n que tenga el respaldo del comit\u00e9 ejecutivo.<\/p>\n\n\n\n<p>La toma de la rector\u00eda comenz\u00f3 la noche del pasado 2 de octubre, por parte de un grupo de sindicalizados que ha usado el nombre del STEUABJO para denunciar la presunta contrataci\u00f3n de personal por parte del rector a sus espaldas y violando al sindicato.<\/p>\n\n\n\n<p>Las manifestaciones se hab\u00edan mantenido en la rector\u00eda, pero tras las agresiones por parte de un grupo de porros se ampli\u00f3 a otras facultades de la universidad, lo que ha afectado las actividades escolares de miles de estudiantes.<\/p>\n\n\n\n<p>Esta protesta tambi\u00e9n ha abarcado bloqueos en avenida Universidad y la colocaci\u00f3n de mantas en las facultades de la universidad.<\/p>\n\n\n\n<p>El pasado 7 de octubre, a trav\u00e9s de un comunicado, la rector\u00eda rechaz\u00f3 la protesta y exigi\u00f3 la liberaci\u00f3n de las instalaciones. Adem\u00e1s de aclarar que no atender\u00e1 la exigencia si no es mediante la representaci\u00f3n sindical.<\/p>\n","protected":false},"excerpt":{"rendered":"<p>Lisbeth Mej\u00eda Reyes\/Zona Roja. Oaxaca, Oax., a 15 de octubre de 2025.- Pese al desconocimiento&hellip;<\/p>\n","protected":false},"author":2,"featured_media":85824,"comment_status":"closed","ping_status":"open","sticky":false,"template":"","format":"standard","meta":{"_lmt_disableupdate":"","_lmt_disable":"","_jetpack_memberships_contains_paid_content":false,"footnotes":""},"categories":[109,47],"tags":[305],"class_list":["post-85823","post","type-post","status-publish","format-standard","has-post-thumbnail","hentry","category-minuto-a-minuto","category-zona-gris","tag-steuabjo"],"jetpack_featured_media_url":"https:\/\/zonaroja.com.mx\/wp-content\/uploads\/2025\/10\/Protesta-STEUABJO.jpg","jetpack_sharing_enabled":true,"_links":{"self":[{"href":"https:\/\/zonaroja.com.mx\/index.php?rest_route=\/wp\/v2\/posts\/85823","targetHints":{"allow":["GET"]}}],"collection":[{"href":"https:\/\/zonaroja.com.mx\/index.php?rest_route=\/wp\/v2\/posts"}],"about":[{"href":"https:\/\/zonaroja.com.mx\/index.php?rest_route=\/wp\/v2\/types\/post"}],"author":[{"embeddable":true,"href":"https:\/\/zonaroja.com.mx\/index.php?rest_route=\/wp\/v2\/users\/2"}],"replies":[{"embeddable":true,"href":"https:\/\/zonaroja.com.mx\/index.php?rest_route=%2Fwp%2Fv2%2Fcomments&post=85823"}],"version-history":[{"count":1,"href":"https:\/\/zonaroja.com.mx\/index.php?rest_route=\/wp\/v2\/posts\/85823\/revisions"}],"predecessor-version":[{"id":85825,"href":"https:\/\/zonaroja.com.mx\/index.php?rest_route=\/wp\/v2\/posts\/85823\/revisions\/85825"}],"wp:featuredmedia":[{"embeddable":true,"href":"https:\/\/zonaroja.com.mx\/index.php?rest_route=\/wp\/v2\/media\/85824"}],"wp:attachment":[{"href":"https:\/\/zonaroja.com.mx\/index.php?rest_route=%2Fwp%2Fv2%2Fmedia&parent=85823"}],"wp:term":[{"taxonomy":"category","embeddable":true,"href":"https:\/\/zonaroja.com.mx\/index.php?rest_route=%2Fwp%2Fv2%2Fcategories&post=85823"},{"taxonomy":"post_tag","embeddable":true,"href":"https:\/\/zonaroja.com.mx\/index.php?rest_route=%2Fwp%2Fv2%2Ftags&post=85823"}],"curies":[{"name":"wp","href":"https:\/\/api.w.org\/{rel}","templated":true}]}}