{"id":85829,"date":"2025-10-16T06:59:18","date_gmt":"2025-10-16T12:59:18","guid":{"rendered":"https:\/\/zonaroja.com.mx\/?p=85829"},"modified":"2025-10-16T06:59:21","modified_gmt":"2025-10-16T12:59:21","slug":"destinan-130-mdp-para-segunda-fase-de-reencarpetamiento-de-vialidades","status":"publish","type":"post","link":"https:\/\/zonaroja.com.mx\/?p=85829","title":{"rendered":"Destinan 130 mdp para segunda fase de reencarpetamiento de vialidades"},"content":{"rendered":"\n<p>Raymundo Morales\/Zona Roja.<\/p>\n\n\n\n<p>Oaxaca, Oax., a 16 de octubre de 2025.- El gobierno de Oaxaca inici\u00f3 la segunda fase de trabajos de bacheo y reencarpetamiento de vialidades en siete municipios de la zona metropolitana de la capital de Oaxaca, con una inversi\u00f3n de 130 millones de pesos.<\/p>\n\n\n\n<p>La continuidad del programa \u201cTache al Bache\u201d prev\u00e9 la rehabilitaci\u00f3n de 100 kil\u00f3metros de v\u00edas y tiene la finalidad de contrarrestar los efectos del asfalto da\u00f1ado, como: afectaci\u00f3n al flujo vehicular, da\u00f1os a las unidades de motor y peligro para las y los peatones.<\/p>\n\n\n\n<p>Las obras se har\u00e1n de manera simult\u00e1nea en siete municipios: Oaxaca de Ju\u00e1rez, Santa Cruz Xoxocotl\u00e1n, Santa Luc\u00eda del Camino, San Sebasti\u00e1n Tutla, San Raymundo Jalpan, San Jacinto Amilpas y Cuil\u00e1pam de Guerrero; de manera organizada para no afectar la circulaci\u00f3n de autom\u00f3viles y la operaci\u00f3n de comercios.&nbsp;<\/p>\n\n\n\n<p>\u201cEl objetivo es claro: atender lo urgente sin perder de vista lo importante, y garantizar que las y los oaxaque\u00f1os cuenten con caminos, calles y avenidas que reflejen el esfuerzo de un gobierno cercano y responsable\u201d, extern\u00f3 ayer el mandatario Salom\u00f3n Jara Cruz.<\/p>\n\n\n\n<p>En la capital interviene la avenida Monte Alb\u00e1n, en el tramo que comprende del puente del Tecnol\u00f3gico al crucero de Plaza Bella, y contin\u00faa en carretera a Santa Mar\u00eda Atzompa, en la cual se aplica una inversi\u00f3n de 15 millones 400 mil pesos.<\/p>\n\n\n\n<p>Aunado al cambio del pavimento, la Secretar\u00eda de Infraestructuras y Comunicaciones (SIC) instal\u00f3 colectores de agua pluvial, dar\u00e1 mantenimiento al drenaje y renivelar\u00e1 la superficie de rodamiento para evitar hundimientos. &nbsp;<\/p>\n\n\n\n<p>ESFUERZO CONJUNTO<\/p>\n\n\n\n<p>El presidente municipal Ray Chagoya particip\u00f3 en el banderazo de arranque a la segunda etapa del programa de bacheo y reencarpetamiento \u201cTache al Bache\u201d, impulsado en coordinaci\u00f3n con el gobernador Salom\u00f3n Jara Cruz.<\/p>\n\n\n\n<p>Durante el evento, el edil capitalino destac\u00f3 que esta nueva fase representa un esfuerzo conjunto entre el Gobierno Municipal y el Gobierno del Estado para mantener a Oaxaca de Ju\u00e1rez como una ciudad limpia, ordenada y segura.&nbsp;<\/p>\n\n\n\n<p>En su intervenci\u00f3n, Ray Chagoya subray\u00f3 que el programa responde directamente a las necesidades de las y los vecinos, quienes han sido protagonistas del proceso de transformaci\u00f3n urbana que vive la capital oaxaque\u00f1a. A\u00f1adi\u00f3 que cada tramo rehabilitado y cada bache reparado representan una mejora tangible en la vida cotidiana de miles de familias.<\/p>\n\n\n\n<p>La primera etapa de \u201cTache al Bache\u201d alcanz\u00f3 la rehabilitaci\u00f3n de 152 kil\u00f3metros de vialidades con una inversi\u00f3n de 192 millones de pesos, resultados que hoy se fortalecen con esta segunda fase. Las acciones iniciales comprenden la reconstrucci\u00f3n integral de la avenida Monte Alb\u00e1n, desde el Instituto Tecnol\u00f3gico hasta el crucero de Plaza Bella, incluyendo la revisi\u00f3n y mejora del drenaje pluvial, con el prop\u00f3sito de garantizar la durabilidad de las nuevas superficies asf\u00e1lticas.<\/p>\n\n\n\n<p>Chagoya resalt\u00f3 que el trabajo en equipo con el gobernador Salom\u00f3n Jara Cruz ha permitido avanzar con paso firme hacia una capital m\u00e1s funcional y moderna, en donde la energ\u00eda, el territorio y la colaboraci\u00f3n se traducen en resultados visibles para la ciudadan\u00eda.<\/p>\n\n\n\n<p>El programa \u201cTache al Bache\u201d forma parte de una inversi\u00f3n hist\u00f3rica destinada a obras de pavimentaci\u00f3n, saneamiento, infraestructura educativa y servicios b\u00e1sicos en Oaxaca de Ju\u00e1rez, como parte del compromiso de la Primavera Oaxaque\u00f1a para transformar la capital.<\/p>\n","protected":false},"excerpt":{"rendered":"<p>Raymundo Morales\/Zona Roja. Oaxaca, Oax., a 16 de octubre de 2025.- El gobierno de Oaxaca&hellip;<\/p>\n","protected":false},"author":2,"featured_media":85832,"comment_status":"closed","ping_status":"open","sticky":false,"template":"","format":"standard","meta":{"_lmt_disableupdate":"","_lmt_disable":"","_jetpack_memberships_contains_paid_content":false,"footnotes":""},"categories":[109,46],"tags":[4142,939],"class_list":["post-85829","post","type-post","status-publish","format-standard","has-post-thumbnail","hentry","category-minuto-a-minuto","category-zona-blanca","tag-raymundo-chagoya","tag-salomon-jara-cruz"],"jetpack_featured_media_url":"https:\/\/zonaroja.com.mx\/wp-content\/uploads\/2025\/10\/Banderazo-tache-al-bache-ray-chagoya-salomon-jara.jpeg","jetpack_sharing_enabled":true,"_links":{"self":[{"href":"https:\/\/zonaroja.com.mx\/index.php?rest_route=\/wp\/v2\/posts\/85829","targetHints":{"allow":["GET"]}}],"collection":[{"href":"https:\/\/zonaroja.com.mx\/index.php?rest_route=\/wp\/v2\/posts"}],"about":[{"href":"https:\/\/zonaroja.com.mx\/index.php?rest_route=\/wp\/v2\/types\/post"}],"author":[{"embeddable":true,"href":"https:\/\/zonaroja.com.mx\/index.php?rest_route=\/wp\/v2\/users\/2"}],"replies":[{"embeddable":true,"href":"https:\/\/zonaroja.com.mx\/index.php?rest_route=%2Fwp%2Fv2%2Fcomments&post=85829"}],"version-history":[{"count":1,"href":"https:\/\/zonaroja.com.mx\/index.php?rest_route=\/wp\/v2\/posts\/85829\/revisions"}],"predecessor-version":[{"id":85833,"href":"https:\/\/zonaroja.com.mx\/index.php?rest_route=\/wp\/v2\/posts\/85829\/revisions\/85833"}],"wp:featuredmedia":[{"embeddable":true,"href":"https:\/\/zonaroja.com.mx\/index.php?rest_route=\/wp\/v2\/media\/85832"}],"wp:attachment":[{"href":"https:\/\/zonaroja.com.mx\/index.php?rest_route=%2Fwp%2Fv2%2Fmedia&parent=85829"}],"wp:term":[{"taxonomy":"category","embeddable":true,"href":"https:\/\/zonaroja.com.mx\/index.php?rest_route=%2Fwp%2Fv2%2Fcategories&post=85829"},{"taxonomy":"post_tag","embeddable":true,"href":"https:\/\/zonaroja.com.mx\/index.php?rest_route=%2Fwp%2Fv2%2Ftags&post=85829"}],"curies":[{"name":"wp","href":"https:\/\/api.w.org\/{rel}","templated":true}]}}