{"id":8583,"date":"2020-02-09T08:47:08","date_gmt":"2020-02-09T14:47:08","guid":{"rendered":"http:\/\/www.zonaroja.com.mx\/?p=8583"},"modified":"2020-02-09T08:47:11","modified_gmt":"2020-02-09T14:47:11","slug":"identifican-a-sujeto-que-mato-a-machetazos-a-una-anciana-en-oaxaca","status":"publish","type":"post","link":"https:\/\/zonaroja.com.mx\/?p=8583","title":{"rendered":"Identifican a sujeto que mat\u00f3 a machetazos a una anciana en Oaxaca"},"content":{"rendered":"\n<p>Redacci\u00f3n\/Zona Roja.<\/p>\n\n\n\n<p>Oaxaca de Ju\u00e1rez, Oax., Como Taurino C.R.,\nde 40 a\u00f1os de edad, fue identificado el sujeto que presuntamente asesin\u00f3 a una\nanciana a machetazos, en San Pablo, Etla, Oaxaca.<\/p>\n\n\n\n<p>Los hechos sucedieron el pasado viernes\nen dicha poblaci\u00f3n de la regi\u00f3n Valles Centrales del estado, en que adem\u00e1s,\nresult\u00f3 lesionado un individuo, Abel M. L., de 24 a\u00f1os de edad, hijo de la\noccisa.<\/p>\n\n\n\n<p>La se\u00f1ora Celsa, de 60 a\u00f1os de edad, se\nhallaba el viernes por la noche en la calle de Hidalgo, a unos metros de la\ncapilla de Juquila en San Pablo, Etla, cuando lleg\u00f3 Taurino y empez\u00f3 a discutir\ncon ellos; tras ellos, \u00e9ste \u00faltimo tom\u00f3 un machete y atac\u00f3 a la mujer, quien\nfue llevada de urgencia a un hospital de San Lorenzo Cacaotepec, donde\nfinalmente falleci\u00f3n.<\/p>\n\n\n\n<p>En tanto Abel fue trasladado a una\ncl\u00ednica de la ciudad de Oaxaca, mientras que polic\u00edas municipales lograron la\ncaptura de Taurino, quien fue puesto a disposici\u00f3n del Ministerio P\u00fablico.\nHasta ahora se desconocen las causas de la agresi\u00f3n.<\/p>\n\n\n\n<p>DOS SUICIDIOS<\/p>\n\n\n\n<p>Por otra parte, en San Jer\u00f3nimo\nTlacochahuaya, municipio de la regi\u00f3n Valles Centrales, dos j\u00f3venes se quitaron\nla vida, con una diferencia de cinco d\u00edas, y presuntamente ambos casos est\u00e1n\nrelacionados.<\/p>\n\n\n\n<p>El pasado lunes en un domicilio de la\ncalle Independencia, Jos\u00e9 L. H. R., de 18 a\u00f1os de edad, se suicid\u00f3; fue llevado\nde urgencia a un hospital de Tlacolula de Matamoros, pero en el trayecto perdi\u00f3\nla vida.<\/p>\n\n\n\n<p>Mientras tanto, el pasado viernes,\nVanesa, de 16 a\u00f1os de edad, decidi\u00f3 quitarse la vida tambi\u00e9n en su casa, en la\ncalle Independencia, supuestamente deprimida por la muerte de Jos\u00e9 L., de quien\nestaba enamorado.<\/p>\n\n\n\n<p>La adolescente se at\u00f3 una soga al\ncuello y se quit\u00f3 la vida; param\u00e9dicos arribaron al lugar pero corroboraron que\nya hab\u00eda perdido la vida.<\/p>\n","protected":false},"excerpt":{"rendered":"<p>Redacci\u00f3n\/Zona Roja. Oaxaca de Ju\u00e1rez, Oax., Como Taurino C.R., de 40 a\u00f1os de edad, fue&hellip;<\/p>\n","protected":false},"author":2,"featured_media":3125,"comment_status":"closed","ping_status":"open","sticky":false,"template":"","format":"standard","meta":{"_lmt_disableupdate":"","_lmt_disable":"","_jetpack_memberships_contains_paid_content":false,"footnotes":""},"categories":[109,51],"tags":[824],"class_list":["post-8583","post","type-post","status-publish","format-standard","has-post-thumbnail","hentry","category-minuto-a-minuto","category-zona-roja","tag-san-pablo-etla"],"jetpack_featured_media_url":"https:\/\/zonaroja.com.mx\/wp-content\/uploads\/2019\/08\/Machetazo.jpg","jetpack_sharing_enabled":true,"_links":{"self":[{"href":"https:\/\/zonaroja.com.mx\/index.php?rest_route=\/wp\/v2\/posts\/8583","targetHints":{"allow":["GET"]}}],"collection":[{"href":"https:\/\/zonaroja.com.mx\/index.php?rest_route=\/wp\/v2\/posts"}],"about":[{"href":"https:\/\/zonaroja.com.mx\/index.php?rest_route=\/wp\/v2\/types\/post"}],"author":[{"embeddable":true,"href":"https:\/\/zonaroja.com.mx\/index.php?rest_route=\/wp\/v2\/users\/2"}],"replies":[{"embeddable":true,"href":"https:\/\/zonaroja.com.mx\/index.php?rest_route=%2Fwp%2Fv2%2Fcomments&post=8583"}],"version-history":[{"count":1,"href":"https:\/\/zonaroja.com.mx\/index.php?rest_route=\/wp\/v2\/posts\/8583\/revisions"}],"predecessor-version":[{"id":8584,"href":"https:\/\/zonaroja.com.mx\/index.php?rest_route=\/wp\/v2\/posts\/8583\/revisions\/8584"}],"wp:featuredmedia":[{"embeddable":true,"href":"https:\/\/zonaroja.com.mx\/index.php?rest_route=\/wp\/v2\/media\/3125"}],"wp:attachment":[{"href":"https:\/\/zonaroja.com.mx\/index.php?rest_route=%2Fwp%2Fv2%2Fmedia&parent=8583"}],"wp:term":[{"taxonomy":"category","embeddable":true,"href":"https:\/\/zonaroja.com.mx\/index.php?rest_route=%2Fwp%2Fv2%2Fcategories&post=8583"},{"taxonomy":"post_tag","embeddable":true,"href":"https:\/\/zonaroja.com.mx\/index.php?rest_route=%2Fwp%2Fv2%2Ftags&post=8583"}],"curies":[{"name":"wp","href":"https:\/\/api.w.org\/{rel}","templated":true}]}}