{"id":85834,"date":"2025-10-16T08:15:00","date_gmt":"2025-10-16T14:15:00","guid":{"rendered":"https:\/\/zonaroja.com.mx\/?p=85834"},"modified":"2025-10-16T07:09:26","modified_gmt":"2025-10-16T13:09:26","slug":"ahora-seccion-22-acusa-al-gobierno-estatal-y-federal-de-deslegitimar-su-lucha","status":"publish","type":"post","link":"https:\/\/zonaroja.com.mx\/?p=85834","title":{"rendered":"Ahora Secci\u00f3n 22 acusa al gobierno estatal y federal de deslegitimar su lucha"},"content":{"rendered":"\n<p>Lisbeth Mej\u00eda Reyes\/Zona Roja.<\/p>\n\n\n\n<p>Oaxaca, Oax., a 16 de octubre de 2025.- La Secci\u00f3n 22 del Sindicato Nacional de Trabajadores de la Educaci\u00f3n (SNTE) acus\u00f3 al gobierno estatal y al federal de deslegitimar la lucha magisterial.&nbsp;<\/p>\n\n\n\n<p>Esto luego de que el gobernador Salom\u00f3n Jara y el titular del Instituto Estatal de Educaci\u00f3n P\u00fablica de Oaxaca, Emilio Montero, describieron como \u00abbeneficios directos otorgados a la Secci\u00f3n 22\u00bb la asignaci\u00f3n de presupuestos por diversos derechos y exigencias como la entrega de uniformes y mobiliario escolares, los montos por laudos y resoluciones, bonos de jubilados, apoyos extraordinarios, entre otros.<\/p>\n\n\n\n<p>El reclamo de la Secci\u00f3n 22 se da luego de que el martes el gobernador se\u00f1al\u00f3 que no hab\u00eda motivos para las protestas que han intensificado diversos grupos del magisterio en las \u00faltimas semanas. Tambi\u00e9n ante el paro nacional de 24 horas de la Coordinadora Nacional de Trabajadores de la Educaci\u00f3n, programado para el 17 de octubre.<\/p>\n\n\n\n<p>En conferencia de prensa, Jara dijo que la administraci\u00f3n federal de Andr\u00e9s Manuel L\u00f3pez Obrador y la actual que encabeza Claudia Sheinbaum Pardo \u00abhan otorgado beneficios directos al magisterio oaxaque\u00f1o por cinco mil 20 millones 972 mil 34 pesos\u00bb.<\/p>\n\n\n\n<p>La Secci\u00f3n 22 aclar\u00f3 que \u00ablos supuestos beneficios\u00bb se deben al pago de rezagos generados por la Reforma Educativa Pe\u00f1a-AMLO y el decreto firmado por el ex gobernador Gabino Cu\u00e9, mediante el que cedi\u00f3 el control de la educaci\u00f3n de Oaxaca a la Secretar\u00eda de Educaci\u00f3n P\u00fablica (SEP).<\/p>\n\n\n\n<p>Estos rezagos son, por ejemplo, los pagos pendientes al personal de apoyo educativo que ha ejercido labores docentes, las recategorizaciones por las cuales varios docentes tienen funciones supervisores y supervisores que trabajan como jefes de sector.<\/p>\n\n\n\n<p>Tambi\u00e9n aclar\u00f3 que los montos para uniformes escolares acordados en el 2024 no son beneficios directos para la Secci\u00f3n 22 sino para el alumnado y que se comenzaron a entregar a las y los tutores mediante la tarjeta de la beca Ruta Cetina. Sin embargo, hay rezagos de estos del ciclo escolar 2024-2025.&nbsp;<\/p>\n\n\n\n<p>Adem\u00e1s de que el gobierno estatal tampoco ha cumplido con la entrega del recurso de uniformes del actual ciclo (2024-2026).<\/p>\n\n\n\n<p>Del mobiliario y equipamiento tecnol\u00f3gico escolar, que tambi\u00e9n fue se\u00f1alado por el gobierno estatal como beneficio directo para la Secci\u00f3n 22, la gremial aclar\u00f3 que aunque fue un compromiso del 2024 tampoco se ha entregado en tiempo y forma.&nbsp;<\/p>\n\n\n\n<p>\u00abFue hasta julio de 2025 que comenz\u00f3 la entrega del mobiliario, mientras que el equipamiento tecnol\u00f3gico sigue pendiente\u00bb.<\/p>\n\n\n\n<p>En la conferencia, el gobierno estatal dijo que los de m\u00e1s de cinco mil millones \u00abactualmente est\u00e1n disponibles 800 millones de pesos para ser destinados en las prioridades laborales que definan las y los maestros, las cuales est\u00e1n pendientes por notificar al Instituto Estatal de Educaci\u00f3n P\u00fablica de Oaxaca (IEEPO)\u00bb. Es decir, para recategorizaciones, contrataci\u00f3n de personal y pago de horas.<\/p>\n\n\n\n<p>Sin embargo, la Secci\u00f3n 22 explic\u00f3 que ese recurso se ejercer\u00e1 hasta el 2026, \u00abpor lo que la ejecuci\u00f3n de estos procesos no depende de la representaci\u00f3n sindical, como se pretende hacer creer\u00bb.<\/p>\n\n\n\n<p>En un pronunciamiento publicado este mi\u00e9rcoles, la Secci\u00f3n 22 reiter\u00f3 que la lucha que por 45 a\u00f1os ha tenido el Movimiento Democr\u00e1tico de Trabajadores de la Educaci\u00f3n de Oaxaca (MDTEO) \u00abno es por beneficios\u00bb sino por dignidad y justicia, en la \u00abdefensa de la educaci\u00f3n p\u00fablica\u00bb y para que los gobiernos estatal y federal asuman su responsabilidad, como lo marca el art\u00edculo 3 constitucional.<\/p>\n\n\n\n<p>Acus\u00f3 tambi\u00e9n a los gobiernos de tratar de debilitar al sindicato con la creaci\u00f3n de sindicatos paralelos como la Secci\u00f3n 59, el Sindicato Independiente de Trabajadores de la Educaci\u00f3n (SITEM) y del Sindicato Nacional del Sector Educativo (SNSE).<\/p>\n","protected":false},"excerpt":{"rendered":"<p>Lisbeth Mej\u00eda Reyes\/Zona Roja. Oaxaca, Oax., a 16 de octubre de 2025.- La Secci\u00f3n 22&hellip;<\/p>\n","protected":false},"author":2,"featured_media":85643,"comment_status":"closed","ping_status":"open","sticky":false,"template":"","format":"standard","meta":{"_lmt_disableupdate":"","_lmt_disable":"","_jetpack_memberships_contains_paid_content":false,"footnotes":""},"categories":[109,47],"tags":[312],"class_list":["post-85834","post","type-post","status-publish","format-standard","has-post-thumbnail","hentry","category-minuto-a-minuto","category-zona-gris","tag-seccion-22-del-snte"],"jetpack_featured_media_url":"https:\/\/zonaroja.com.mx\/wp-content\/uploads\/2025\/10\/Protesta-contra-Emilio-Montero.jpg","jetpack_sharing_enabled":true,"_links":{"self":[{"href":"https:\/\/zonaroja.com.mx\/index.php?rest_route=\/wp\/v2\/posts\/85834","targetHints":{"allow":["GET"]}}],"collection":[{"href":"https:\/\/zonaroja.com.mx\/index.php?rest_route=\/wp\/v2\/posts"}],"about":[{"href":"https:\/\/zonaroja.com.mx\/index.php?rest_route=\/wp\/v2\/types\/post"}],"author":[{"embeddable":true,"href":"https:\/\/zonaroja.com.mx\/index.php?rest_route=\/wp\/v2\/users\/2"}],"replies":[{"embeddable":true,"href":"https:\/\/zonaroja.com.mx\/index.php?rest_route=%2Fwp%2Fv2%2Fcomments&post=85834"}],"version-history":[{"count":1,"href":"https:\/\/zonaroja.com.mx\/index.php?rest_route=\/wp\/v2\/posts\/85834\/revisions"}],"predecessor-version":[{"id":85836,"href":"https:\/\/zonaroja.com.mx\/index.php?rest_route=\/wp\/v2\/posts\/85834\/revisions\/85836"}],"wp:featuredmedia":[{"embeddable":true,"href":"https:\/\/zonaroja.com.mx\/index.php?rest_route=\/wp\/v2\/media\/85643"}],"wp:attachment":[{"href":"https:\/\/zonaroja.com.mx\/index.php?rest_route=%2Fwp%2Fv2%2Fmedia&parent=85834"}],"wp:term":[{"taxonomy":"category","embeddable":true,"href":"https:\/\/zonaroja.com.mx\/index.php?rest_route=%2Fwp%2Fv2%2Fcategories&post=85834"},{"taxonomy":"post_tag","embeddable":true,"href":"https:\/\/zonaroja.com.mx\/index.php?rest_route=%2Fwp%2Fv2%2Ftags&post=85834"}],"curies":[{"name":"wp","href":"https:\/\/api.w.org\/{rel}","templated":true}]}}