{"id":85848,"date":"2025-10-16T11:33:00","date_gmt":"2025-10-16T17:33:00","guid":{"rendered":"https:\/\/zonaroja.com.mx\/?p=85848"},"modified":"2025-10-16T09:47:23","modified_gmt":"2025-10-16T15:47:23","slug":"cineasta-oaxaqueno-compite-por-premio-en-festival-de-cine-de-morelia","status":"publish","type":"post","link":"https:\/\/zonaroja.com.mx\/?p=85848","title":{"rendered":"Cineasta oaxaque\u00f1o compite por premio en Festival de Cine de Morelia"},"content":{"rendered":"\n<p>Lisbeth Mej\u00eda Reyes\/Zona Roja.&nbsp;<\/p>\n\n\n\n<p>Oaxaca, Oax., a 16 de octubre de 2025.- El cineasta oaxaque\u00f1o Rigoberto Perezcano ha llevado al Festival Internacional de Cine de Morelia su tercer largometraje, con el que compite por uno de los premios de la edici\u00f3n, pero que desde la ficci\u00f3n tambi\u00e9n muestra parte de la realidad en muchas poblaciones de su estado y del pa\u00eds.&nbsp;<\/p>\n\n\n\n<p>\u00abLos amantes se despiden con la mirada\u00bb es la pel\u00edcula en la que relata la historia de Elida, una adolescente de 16 a\u00f1os que es forzada \u00abpor usos y costumbres a un matrimonio arreglado con Dami\u00e1n, hombre mayor y altivo\u00bb.<\/p>\n\n\n\n<p>La pel\u00edcula tambi\u00e9n da cuenta &nbsp;de la resistencia de una mujer que \u00abno piensa seguir con estas viejas usanzas debido al amor que le profesa a Olivo, joven que no deja de invocar a su padre fallecido\u00bb.<\/p>\n\n\n\n<p>Perezcano es uno de los cinco cineastas de Oaxaca que est\u00e1 presente en esta edici\u00f3n del festival, que se realiza del 10 al 19 de octubre y en el que su pel\u00edcula se ha proyectado este lunes y martes.&nbsp;<\/p>\n\n\n\n<p>En entrevista con el periodista Pascal Beltr\u00e1n del R\u00edo, de Imagen Radio, el director originario de la Villa de Zaachila comparti\u00f3 que \u00abLos amantes se despiden con la mirada\u00bb es una historia para generar conciencia sobre la violencia que implican las uniones forzadas, que aunque son costumbres y tradiciones en varias comunidades vulneran los derechos de las ni\u00f1as, ni\u00f1os y mujeres.<\/p>\n\n\n\n<p>\u00abMe parece que es una violencia tremenda continuar con una tradici\u00f3n y costumbre as\u00ed, me parece que es algo que no podr\u00eda continuar. Soy oaxaque\u00f1o y no estoy de acuerdo\u00bb, expres\u00f3 el tambi\u00e9n director de \u00abCarm\u00edn Tropical\u00bb y \u00abNorteado\u00bb.<\/p>\n\n\n\n<p>Al repasar su trayectoria y ver las conexiones entre sus pel\u00edculas, Perezcano se\u00f1al\u00f3 que le ha gustado mezclar la realidad con la ficci\u00f3n, pero que sus historias tambi\u00e9n sean de denuncia. Aunque reconoci\u00f3 que las pel\u00edculas no cambian a las personas, s\u00ed consider\u00f3 que tienen la posibilidad de sensibilizar sobre determinados temas.&nbsp;<\/p>\n\n\n\n<p>Tras su proyecci\u00f3n en el Festival Internacional de Cine de Morelia y a la par de seguir su camino por otros festivales, el director adelant\u00f3 que habr\u00e1 proyecciones de la pel\u00edcula en Oaxaca. Y entre estas algunas organizadas de la mano de la Secretar\u00eda de las Culturas y Artes para que se presente en comunidades donde a\u00fan se mantienen los matrimonios forzados.<\/p>\n","protected":false},"excerpt":{"rendered":"<p>Lisbeth Mej\u00eda Reyes\/Zona Roja.&nbsp; Oaxaca, Oax., a 16 de octubre de 2025.- El cineasta oaxaque\u00f1o&hellip;<\/p>\n","protected":false},"author":2,"featured_media":85849,"comment_status":"closed","ping_status":"open","sticky":false,"template":"","format":"standard","meta":{"_lmt_disableupdate":"","_lmt_disable":"","_jetpack_memberships_contains_paid_content":false,"footnotes":""},"categories":[109,46],"tags":[4488],"class_list":["post-85848","post","type-post","status-publish","format-standard","has-post-thumbnail","hentry","category-minuto-a-minuto","category-zona-blanca","tag-rigoberto-perezcano"],"jetpack_featured_media_url":"https:\/\/zonaroja.com.mx\/wp-content\/uploads\/2025\/10\/Rigoberto-Perezcano.jpg","jetpack_sharing_enabled":true,"_links":{"self":[{"href":"https:\/\/zonaroja.com.mx\/index.php?rest_route=\/wp\/v2\/posts\/85848","targetHints":{"allow":["GET"]}}],"collection":[{"href":"https:\/\/zonaroja.com.mx\/index.php?rest_route=\/wp\/v2\/posts"}],"about":[{"href":"https:\/\/zonaroja.com.mx\/index.php?rest_route=\/wp\/v2\/types\/post"}],"author":[{"embeddable":true,"href":"https:\/\/zonaroja.com.mx\/index.php?rest_route=\/wp\/v2\/users\/2"}],"replies":[{"embeddable":true,"href":"https:\/\/zonaroja.com.mx\/index.php?rest_route=%2Fwp%2Fv2%2Fcomments&post=85848"}],"version-history":[{"count":1,"href":"https:\/\/zonaroja.com.mx\/index.php?rest_route=\/wp\/v2\/posts\/85848\/revisions"}],"predecessor-version":[{"id":85850,"href":"https:\/\/zonaroja.com.mx\/index.php?rest_route=\/wp\/v2\/posts\/85848\/revisions\/85850"}],"wp:featuredmedia":[{"embeddable":true,"href":"https:\/\/zonaroja.com.mx\/index.php?rest_route=\/wp\/v2\/media\/85849"}],"wp:attachment":[{"href":"https:\/\/zonaroja.com.mx\/index.php?rest_route=%2Fwp%2Fv2%2Fmedia&parent=85848"}],"wp:term":[{"taxonomy":"category","embeddable":true,"href":"https:\/\/zonaroja.com.mx\/index.php?rest_route=%2Fwp%2Fv2%2Fcategories&post=85848"},{"taxonomy":"post_tag","embeddable":true,"href":"https:\/\/zonaroja.com.mx\/index.php?rest_route=%2Fwp%2Fv2%2Ftags&post=85848"}],"curies":[{"name":"wp","href":"https:\/\/api.w.org\/{rel}","templated":true}]}}