{"id":85851,"date":"2025-10-16T12:45:00","date_gmt":"2025-10-16T18:45:00","guid":{"rendered":"https:\/\/zonaroja.com.mx\/?p=85851"},"modified":"2025-10-16T09:47:00","modified_gmt":"2025-10-16T15:47:00","slug":"claudia-sheinbaum-critica-fonden-de-tapia-franco-que-ahora-es-morenista","status":"publish","type":"post","link":"https:\/\/zonaroja.com.mx\/?p=85851","title":{"rendered":"Claudia Sheinbaum critica Fonden de Tapia Franco, que ahora es morenista"},"content":{"rendered":"\n<p>Redacci\u00f3n\/Zona Roja Cdmx.<\/p>\n\n\n\n<p>(Informaci\u00f3n de \u201cEl Financiero\u201d)<\/p>\n\n\n\n<p>Ciudad de M\u00e9xico, a 16 de octubre de 2025.- La presidenta Claudia Sheinbaum Pardo critic\u00f3 la corrupci\u00f3n en el Fondo Nacional de Desastres (Fonden) registrada en la gesti\u00f3n de Jos\u00e9 Mar\u00eda Tapia Franco, quien ahora, sin embargo, ya forma parte de las filas de Morena.<\/p>\n\n\n\n<p>En el gobierno de Enrique Pe\u00f1a Nieto, Tapia Franco, mientras estaba al frente del Fonden en medio de las emergencias provocadas por los huracanes Ingrid y Manuel, fue visto bebiendo y apostando en Las Vegas.<\/p>\n\n\n\n<p>\u201cVi en las redes una nota que sal\u00eda en Proceso, tra\u00edan, hace mucho tiempo, de no me acuerdo de qu\u00e9 hurac\u00e1n o qu\u00e9 tragedia, dec\u00edan y el director del Fonden, divirti\u00e9ndose en no s\u00e9 d\u00f3nde en Las Vegas.<\/p>\n\n\n\n<p>\u201cDigo para aquellos que defienden el Fonden. O las corruptelas que hubo\u201d, solt\u00f3 la mandataria, quien, asegur\u00f3: \u201cQuien defiende el Fonden es como defender la corrupci\u00f3n\u201d.<\/p>\n\n\n\n<p>No obstante, Tapia Franco, quien en sus cuentas de redes sociales apoya a la presidenta, tras dejar su cargo como senador por el PRI, fue candidato de Morena-PT-Verde a la alcald\u00eda de Quer\u00e9taro y ha sido se\u00f1alado por la organizaci\u00f3n Mexicanos Contra la Corrupci\u00f3n y la Impunidad de comprar una residencia valuada en m\u00e1s de un mill\u00f3n de d\u00f3lares en la exclusiva zona de Woodlands, al norte de Houston.<\/p>\n\n\n\n<p>Sheinbaum Pardo reiter\u00f3 que, si bien el Fonden ya no existe como fideicomiso, existe una partida presupuestal para emergencias este a\u00f1o por 19 mil millones de pesos, de los cuales se han usado cerca de tres mil millones.<\/p>\n\n\n\n<p>\u201cHay recursos suficientes para poder atender la emergencia. \u00bfQu\u00e9 diferencia hay con el Fonden? El Fonden ten\u00eda reglas burocr\u00e1ticas excesivas para poder utilizar los recursos, en este caso no, es transparente el uso de los recursos, eso s\u00ed, sin corrupci\u00f3n, pero de manera expedita\u201d, destac\u00f3.<\/p>\n\n\n\n<p>Pese a ello, la titular del Ejecutivo pidi\u00f3 el apoyo del presidente del Consejo Coordinador Empresarial, Francisco Cervantes, para que las empresas aporten despensas y presten maquinaria para poder reabrir los caminos.<\/p>\n\n\n\n<p>\u201cEl d\u00eda de ayer habl\u00e9 con la iniciativa privada, con Francisco Cervantes. Hoy va a haber una reuni\u00f3n, ma\u00f1ana voy a buscar personalmente reunirme con ellos porque no se ha hablado de que quieren apoyar\u201d.<\/p>\n","protected":false},"excerpt":{"rendered":"<p>Redacci\u00f3n\/Zona Roja Cdmx. (Informaci\u00f3n de \u201cEl Financiero\u201d) Ciudad de M\u00e9xico, a 16 de octubre de&hellip;<\/p>\n","protected":false},"author":2,"featured_media":85852,"comment_status":"closed","ping_status":"open","sticky":false,"template":"","format":"standard","meta":{"_lmt_disableupdate":"","_lmt_disable":"","_jetpack_memberships_contains_paid_content":false,"footnotes":""},"categories":[109,47],"tags":[4489],"class_list":["post-85851","post","type-post","status-publish","format-standard","has-post-thumbnail","hentry","category-minuto-a-minuto","category-zona-gris","tag-jose-maria-tapia-franco"],"jetpack_featured_media_url":"https:\/\/zonaroja.com.mx\/wp-content\/uploads\/2025\/10\/Claudia-Sheinbaum-y-Jose-Maria-Tapia-Franco.jpg.avif","jetpack_sharing_enabled":true,"_links":{"self":[{"href":"https:\/\/zonaroja.com.mx\/index.php?rest_route=\/wp\/v2\/posts\/85851","targetHints":{"allow":["GET"]}}],"collection":[{"href":"https:\/\/zonaroja.com.mx\/index.php?rest_route=\/wp\/v2\/posts"}],"about":[{"href":"https:\/\/zonaroja.com.mx\/index.php?rest_route=\/wp\/v2\/types\/post"}],"author":[{"embeddable":true,"href":"https:\/\/zonaroja.com.mx\/index.php?rest_route=\/wp\/v2\/users\/2"}],"replies":[{"embeddable":true,"href":"https:\/\/zonaroja.com.mx\/index.php?rest_route=%2Fwp%2Fv2%2Fcomments&post=85851"}],"version-history":[{"count":1,"href":"https:\/\/zonaroja.com.mx\/index.php?rest_route=\/wp\/v2\/posts\/85851\/revisions"}],"predecessor-version":[{"id":85853,"href":"https:\/\/zonaroja.com.mx\/index.php?rest_route=\/wp\/v2\/posts\/85851\/revisions\/85853"}],"wp:featuredmedia":[{"embeddable":true,"href":"https:\/\/zonaroja.com.mx\/index.php?rest_route=\/wp\/v2\/media\/85852"}],"wp:attachment":[{"href":"https:\/\/zonaroja.com.mx\/index.php?rest_route=%2Fwp%2Fv2%2Fmedia&parent=85851"}],"wp:term":[{"taxonomy":"category","embeddable":true,"href":"https:\/\/zonaroja.com.mx\/index.php?rest_route=%2Fwp%2Fv2%2Fcategories&post=85851"},{"taxonomy":"post_tag","embeddable":true,"href":"https:\/\/zonaroja.com.mx\/index.php?rest_route=%2Fwp%2Fv2%2Ftags&post=85851"}],"curies":[{"name":"wp","href":"https:\/\/api.w.org\/{rel}","templated":true}]}}