{"id":85856,"date":"2025-10-16T14:56:00","date_gmt":"2025-10-16T20:56:00","guid":{"rendered":"https:\/\/zonaroja.com.mx\/?p=85856"},"modified":"2025-10-16T09:58:24","modified_gmt":"2025-10-16T15:58:24","slug":"mato-a-su-hija-adolescente-en-la-ciudad-de-oaxaca-la-sentencian-a-40-anos","status":"publish","type":"post","link":"https:\/\/zonaroja.com.mx\/?p=85856","title":{"rendered":"Mat\u00f3 a su hija adolescente en la ciudad de Oaxaca; la sentencian a 40 a\u00f1os"},"content":{"rendered":"\n<p>Redacci\u00f3n\/Zona Roja.<\/p>\n\n\n\n<p>Oaxaca, Oax., a 16 de octubre de 2025.- Hace casi tres lustros, la se\u00f1ora Thelma A. C. asesin\u00f3 a su hija adolescente, con premeditaci\u00f3n, alevos\u00eda, traici\u00f3n y ventaja.<\/p>\n\n\n\n<p>Ocurri\u00f3 el 16 de mayo del 2011 en un domicilio ubicado en calzada Ni\u00f1os H\u00e9roes de Chapultepec, colonia Ex Marquesado, perteneciente al municipio de Oaxaca de Ju\u00e1rez.<\/p>\n\n\n\n<p>De acuerdo con la investigaci\u00f3n del caso, la sentenciada a 40 a\u00f1os de prisi\u00f3n, Thelma A.C. era madre de la v\u00edctima, quien presentaba signos de agresiones y maltrato, violencias derivadas de las cuales perdi\u00f3 la vida la adolescente.<\/p>\n\n\n\n<p>Ante estos hechos, la Fiscal\u00eda General del Estado, -a trav\u00e9s de la Vicefiscal\u00eda de Control Regional-, llev\u00f3 a cabo la investigaci\u00f3n ministerial correspondiente, que permiti\u00f3 la detenci\u00f3n de la mujer, quien se hab\u00eda escondido en la Ciudad de M\u00e9xico, por lo que, tras su captura, qued\u00f3 a disposici\u00f3n de las autoridades competentes.<\/p>\n\n\n\n<p>Finalmente tras las audiencias de desahogo de pruebas aportadas por la Fiscal\u00eda, el Tribunal de Enjuiciamiento dict\u00f3 sentencia condenatoria de 40 a\u00f1os de prisi\u00f3n contra T.A.C. por su responsabilidad en el delito de homicidio calificado con las agravantes de ventaja, traici\u00f3n y alevos\u00eda, adem\u00e1s de imponer el pago por concepto de reparaci\u00f3n del da\u00f1o.<\/p>\n\n\n\n<p>\u201cOBJETIVO PRIORITARIO\u00bb<\/p>\n\n\n\n<p>En otro caso, y derivado de trabajos de investigaci\u00f3n e inteligencia criminal, la Fiscal\u00eda General de Justicia del Estado de Oaxaca (FGEO) detuvo a una persona del sexo masculino identificado como A.O.S.&nbsp; alias \u201cChoco Rol\u201d, por delitos contra la salud, disparo de arma de fuego y tentativa de homicidio.<\/p>\n\n\n\n<p>Est\u00e1 adem\u00e1s identificado como objetivo prioritario por probable relaci\u00f3n con un grupo delictivo que opera en la zona lim\u00edtrofe entre Guerrero y Oaxaca, quien fue capturado durante un operativo realizado en Pinotepa Nacional.<\/p>\n\n\n\n<p>De acuerdo con la carpeta de investigaci\u00f3n los hechos ocurrieron el 30 de septiembre de 2025, mientras elementos de la Agencia Estatal de Investigaciones realizaban acciones de investigaci\u00f3n sobre la carretera estatal 125 rumbo a San Juan Cacahuatepec,&nbsp; junto a una tienda, lugar en el que se encontraban dos individuos uno de ellos a pie y otro sobre una motocicleta que intercambiaban una bolsa con un polvo blanco, pero cuando notaron la presencia de los polic\u00edas de investigaci\u00f3n, optaron por huir del lugar.<\/p>\n\n\n\n<p>Debido a esto los elementos de la AEI persiguieron al sospechoso, quien dispar\u00f3 un arma de fuego contra los agentes que contuvieron la agresi\u00f3n, logrando la detenci\u00f3n del responsable, a quien aseguraron varias dosis de droga empaquetadas para su venta.<\/p>\n\n\n\n<p>Tras la detenci\u00f3n en la que tambi\u00e9n, participaron elementos de la Secretar\u00eda de la Defensa Nacional (DEFENSA), la Secretar\u00eda de Marina, la Guardia Nacional y la Polic\u00eda Estatal, la investigaci\u00f3n qued\u00f3 a cargo de la Vicefiscal\u00eda Regional de la Costa, mientras que A.O.S., alias \u201cChoco Rol\u201d, fue puesto a disposici\u00f3n de la autoridad correspondiente para que se determine su situaci\u00f3n jur\u00eddica.<\/p>\n\n\n\n<p>Los trabajos de inteligencia de la Fiscal\u00eda de Oaxaca permitieron establecer la hip\u00f3tesis que A.O.S., alias \u201cChoco Rol\u201d, es uno de los principales operadores de un grupo delictivo de la regi\u00f3n de la Costa, que tiene influencia en los l\u00edmites entre Guerrero y Oaxaca, identificado como generador de violencia en la zona.<\/p>\n","protected":false},"excerpt":{"rendered":"<p>Redacci\u00f3n\/Zona Roja. Oaxaca, Oax., a 16 de octubre de 2025.- Hace casi tres lustros, la&hellip;<\/p>\n","protected":false},"author":2,"featured_media":85857,"comment_status":"closed","ping_status":"open","sticky":false,"template":"","format":"standard","meta":{"_lmt_disableupdate":"","_lmt_disable":"","_jetpack_memberships_contains_paid_content":false,"footnotes":""},"categories":[109,46],"tags":[494],"class_list":["post-85856","post","type-post","status-publish","format-standard","has-post-thumbnail","hentry","category-minuto-a-minuto","category-zona-blanca","tag-fiscalia-general-del-estado-de-oaxaca"],"jetpack_featured_media_url":"https:\/\/zonaroja.com.mx\/wp-content\/uploads\/2025\/10\/Thelma-homicida-40-anos-Fiscalia-Oaxacaa.jpg","jetpack_sharing_enabled":true,"_links":{"self":[{"href":"https:\/\/zonaroja.com.mx\/index.php?rest_route=\/wp\/v2\/posts\/85856","targetHints":{"allow":["GET"]}}],"collection":[{"href":"https:\/\/zonaroja.com.mx\/index.php?rest_route=\/wp\/v2\/posts"}],"about":[{"href":"https:\/\/zonaroja.com.mx\/index.php?rest_route=\/wp\/v2\/types\/post"}],"author":[{"embeddable":true,"href":"https:\/\/zonaroja.com.mx\/index.php?rest_route=\/wp\/v2\/users\/2"}],"replies":[{"embeddable":true,"href":"https:\/\/zonaroja.com.mx\/index.php?rest_route=%2Fwp%2Fv2%2Fcomments&post=85856"}],"version-history":[{"count":1,"href":"https:\/\/zonaroja.com.mx\/index.php?rest_route=\/wp\/v2\/posts\/85856\/revisions"}],"predecessor-version":[{"id":85858,"href":"https:\/\/zonaroja.com.mx\/index.php?rest_route=\/wp\/v2\/posts\/85856\/revisions\/85858"}],"wp:featuredmedia":[{"embeddable":true,"href":"https:\/\/zonaroja.com.mx\/index.php?rest_route=\/wp\/v2\/media\/85857"}],"wp:attachment":[{"href":"https:\/\/zonaroja.com.mx\/index.php?rest_route=%2Fwp%2Fv2%2Fmedia&parent=85856"}],"wp:term":[{"taxonomy":"category","embeddable":true,"href":"https:\/\/zonaroja.com.mx\/index.php?rest_route=%2Fwp%2Fv2%2Fcategories&post=85856"},{"taxonomy":"post_tag","embeddable":true,"href":"https:\/\/zonaroja.com.mx\/index.php?rest_route=%2Fwp%2Fv2%2Ftags&post=85856"}],"curies":[{"name":"wp","href":"https:\/\/api.w.org\/{rel}","templated":true}]}}