{"id":8586,"date":"2020-02-09T13:06:04","date_gmt":"2020-02-09T19:06:04","guid":{"rendered":"https:\/\/www.zonaroja.com.mx\/?p=8586"},"modified":"2020-02-09T13:06:06","modified_gmt":"2020-02-09T19:06:06","slug":"crece-a-36-el-deficit-de-policias-municipales-en-tuxtepec","status":"publish","type":"post","link":"https:\/\/zonaroja.com.mx\/?p=8586","title":{"rendered":"Crece a 36% el d\u00e9ficit de polic\u00edas municipales en Tuxtepec"},"content":{"rendered":"\n<p class=\"MsoNormal\">Yuridiana Sosa\/Zona Roja.<\/p>\n\n\n\n<p class=\"MsoNormal\">San Juan Bautista Tuxtepec, Oax.,9 de febrero de 2020.- En los \u00faltimos tres a\u00f1os, el n\u00famero de elemento que integran la Polic\u00eda Municipal en Tuxtepec es cada vez menor, lo que este a\u00f1o representa un d\u00e9ficit del 36 por ciento, de acuerdo con informaci\u00f3n de Recursos Humanos del dicho ayuntamiento.<\/p>\n\n\n\n<p class=\"MsoNormal\">De acuerdo con el Secretariado Ejecutivo del Sistema Nacional de Seguridad P\u00fablica (SESNSP), el municipio de San Juan Bautista Tuxtepec, con m\u00e1s de 160 mil habitantes, deber\u00eda contar con 208 Polic\u00edas Municipales.<\/p>\n\n\n\n<p class=\"MsoNormal\">El ayuntamiento inform\u00f3 que actualmente tienen 133 elementos activos que integran el cuerpo de seguridad p\u00fablica, adem\u00e1s de 22 elementos denominados becarios, que contribuyen con las actividades de la corporaci\u00f3n.<\/p>\n\n\n\n<p class=\"MsoNormal\">A mitad de 2018, la falta de elementos era menor, pues conforme a informaci\u00f3n de la Direcci\u00f3n de la Polic\u00eda Municipal, contaban en ese entonces con 145 polic\u00edas y un d\u00e9ficit de 63 elementos, lo cual increment\u00f3 en menos de dos a\u00f1os.<\/p>\n\n\n\n<p class=\"MsoNormal\">En mayo de 2016 se registr\u00f3 la baja de cerca de 22 elementos municipales, quienes seg\u00fan la direcci\u00f3n de la Polic\u00eda Municipal no acreditaron el examen de control y confianza, adem\u00e1s de presentar documentaci\u00f3n ap\u00f3crifa para su incorporaci\u00f3n.<\/p>\n\n\n\n<p class=\"MsoNormal\">El d\u00e9ficit de elementos se registra de forma simult\u00e1nea, pero en paralelo, a la ola de violencia que se registra en este municipio de la regi\u00f3n de la Cuenca del Papaloapan, calificada por el presidente Andr\u00e9s Manuel L\u00f3pez Obrador como la m\u00e1s peligrosa de Oaxaca.<\/p>\n\n\n\n<p class=\"MsoNormal\">El n\u00famero bajo de inscripciones a la corporaci\u00f3n municipal se mantiene a pesar de las distintas convocatorias que lanzadas a la ciudadan\u00eda para que formen parte del cuerpo policial de seguridad p\u00fablica.<\/p>\n","protected":false},"excerpt":{"rendered":"<p>Yuridiana Sosa\/Zona Roja. San Juan Bautista Tuxtepec, Oax.,9 de febrero de 2020.- En los \u00faltimos&hellip;<\/p>\n","protected":false},"author":2,"featured_media":8585,"comment_status":"closed","ping_status":"open","sticky":false,"template":"","format":"standard","meta":{"_lmt_disableupdate":"","_lmt_disable":"","_jetpack_memberships_contains_paid_content":false,"footnotes":""},"categories":[109,47],"tags":[118],"class_list":["post-8586","post","type-post","status-publish","format-standard","has-post-thumbnail","hentry","category-minuto-a-minuto","category-zona-gris","tag-san-juan-bautista-tuxtepec"],"jetpack_featured_media_url":"https:\/\/zonaroja.com.mx\/wp-content\/uploads\/2020\/02\/9f657c4a-8bed-4543-8244-4a7e1a666f99.jpg","jetpack_sharing_enabled":true,"_links":{"self":[{"href":"https:\/\/zonaroja.com.mx\/index.php?rest_route=\/wp\/v2\/posts\/8586","targetHints":{"allow":["GET"]}}],"collection":[{"href":"https:\/\/zonaroja.com.mx\/index.php?rest_route=\/wp\/v2\/posts"}],"about":[{"href":"https:\/\/zonaroja.com.mx\/index.php?rest_route=\/wp\/v2\/types\/post"}],"author":[{"embeddable":true,"href":"https:\/\/zonaroja.com.mx\/index.php?rest_route=\/wp\/v2\/users\/2"}],"replies":[{"embeddable":true,"href":"https:\/\/zonaroja.com.mx\/index.php?rest_route=%2Fwp%2Fv2%2Fcomments&post=8586"}],"version-history":[{"count":1,"href":"https:\/\/zonaroja.com.mx\/index.php?rest_route=\/wp\/v2\/posts\/8586\/revisions"}],"predecessor-version":[{"id":8587,"href":"https:\/\/zonaroja.com.mx\/index.php?rest_route=\/wp\/v2\/posts\/8586\/revisions\/8587"}],"wp:featuredmedia":[{"embeddable":true,"href":"https:\/\/zonaroja.com.mx\/index.php?rest_route=\/wp\/v2\/media\/8585"}],"wp:attachment":[{"href":"https:\/\/zonaroja.com.mx\/index.php?rest_route=%2Fwp%2Fv2%2Fmedia&parent=8586"}],"wp:term":[{"taxonomy":"category","embeddable":true,"href":"https:\/\/zonaroja.com.mx\/index.php?rest_route=%2Fwp%2Fv2%2Fcategories&post=8586"},{"taxonomy":"post_tag","embeddable":true,"href":"https:\/\/zonaroja.com.mx\/index.php?rest_route=%2Fwp%2Fv2%2Ftags&post=8586"}],"curies":[{"name":"wp","href":"https:\/\/api.w.org\/{rel}","templated":true}]}}