{"id":85860,"date":"2025-10-16T12:26:45","date_gmt":"2025-10-16T18:26:45","guid":{"rendered":"https:\/\/zonaroja.com.mx\/?p=85860"},"modified":"2025-10-16T12:26:45","modified_gmt":"2025-10-16T18:26:45","slug":"roban-1-mdp-a-cuentahabiente-en-la-ciudad-de-oaxaca-buscan-a-asaltantes","status":"publish","type":"post","link":"https:\/\/zonaroja.com.mx\/?p=85860","title":{"rendered":"Roban 1 mdp a cuentahabiente en la ciudad de Oaxaca; buscan a asaltantes"},"content":{"rendered":"\n<p>Raymundo Morales\/Zona Roja.&nbsp;<\/p>\n\n\n\n<p>Oaxaca, Oax., a 16 de octubre de 2025.- Al menos dos sujetos a bordo de una motocicleta asaltaron a un cuentahabiente la ma\u00f1ana de este jueves en el centro de la ciudad de Oaxaca y le arrebataron alrededor de un mill\u00f3n de pesos.&nbsp;<\/p>\n\n\n\n<p>El hecho delictivo ocurri\u00f3 en la calle Valerio Trujano esquina con Victoria cuando un empleado, al parecer de la empresa Aceros Monte Alb\u00e1n, se dirig\u00eda a depositar el dinero a una sucursal bancaria, cuando aparecieron los sujetos, lo amagaron con un arma y lo despojaron del dinero.&nbsp;<\/p>\n\n\n\n<p>Polic\u00edas estatales y municipales arribaron a la zona y a la vez desplegaron un operativo con la finalidad de dar con el paradero de los delincuentes.&nbsp;<\/p>\n\n\n\n<p>En un comunicado, el gobierno de Oaxaca asegur\u00f3 que el Gabinete de Seguridad del Estado, a trav\u00e9s del Centro de Control, Comando, Comunicaci\u00f3n y C\u00f3mputo (C4), identific\u00f3 a los presuntos responsables de un asalto con violencia.<\/p>\n\n\n\n<p>\u201cComo parte de la Operaci\u00f3n Cazador, se despleg\u00f3 un operativo coordinado, se activaron patrullajes y filtros de seguridad para su localizaci\u00f3n.<\/p>\n\n\n\n<p>\u201cLos hechos se registraron en la calle Valerio Trujano, donde los empleados de una empresa fueron despojados de una suma aproximada de 1 mill\u00f3n de pesos\u201d, expuso.&nbsp;<\/p>\n\n\n\n<p>Dijo que mediante acciones operativas oportunas, coordinadas y con el uso de tecnolog\u00eda, fortalece la capacidad de respuesta para garantizar la seguridad y tranquilidad de las familias oaxaque\u00f1as<\/p>\n\n\n\n<p>Por su parte, la Fiscal\u00eda General del Estado de Oaxaca (FGEO) inici\u00f3 la carpeta correspondiente y activ\u00f3 los protocolos de investigaci\u00f3n, luego de tomar conocimiento sobre un robo ocurrido la ma\u00f1ana de este jueves, 16 de octubre de 2025, en calles del Centro Hist\u00f3rico de la capital.<\/p>\n\n\n\n<p>Detall\u00f3 que, como parte de la atenci\u00f3n integral que brinda la FGEO, se gener\u00f3 la carpeta de investigaci\u00f3n correspondiente, adem\u00e1s, personal especializado de la Vicefiscal\u00eda Regional de Valles Centrales estableci\u00f3 contacto con la v\u00edctima directa.<\/p>\n\n\n\n<p>Asimismo, la Fiscal\u00eda de Oaxaca realiza trabajos coordinados con la Secretar\u00eda de Seguridad y Protecci\u00f3n Ciudadana, as\u00ed como el C-4, para fortalecer las investigaciones e intensificar las labores de b\u00fasqueda de los responsables.<\/p>\n\n\n\n<p>\u201cTrabajos coordinados, a trav\u00e9s de la Operaci\u00f3n \u2018Cazador\u2019, permiten saber qu\u00e9, luego de cometer el delito en la calle de Valerio Trujano, los responsables huyeron a bordo de una moto, por lo que se implement\u00f3 un operativo en la Zona Metropolitana.<\/p>\n","protected":false},"excerpt":{"rendered":"<p>Raymundo Morales\/Zona Roja.&nbsp; Oaxaca, Oax., a 16 de octubre de 2025.- Al menos dos sujetos&hellip;<\/p>\n","protected":false},"author":2,"featured_media":85859,"comment_status":"closed","ping_status":"open","sticky":false,"template":"","format":"standard","meta":{"_lmt_disableupdate":"","_lmt_disable":"","_jetpack_memberships_contains_paid_content":false,"footnotes":""},"categories":[109,47],"tags":[],"class_list":["post-85860","post","type-post","status-publish","format-standard","has-post-thumbnail","hentry","category-minuto-a-minuto","category-zona-gris"],"jetpack_featured_media_url":"https:\/\/zonaroja.com.mx\/wp-content\/uploads\/2025\/10\/1cb95930-78ad-4924-9a26-c4f3fac414c3.jpg","jetpack_sharing_enabled":true,"_links":{"self":[{"href":"https:\/\/zonaroja.com.mx\/index.php?rest_route=\/wp\/v2\/posts\/85860","targetHints":{"allow":["GET"]}}],"collection":[{"href":"https:\/\/zonaroja.com.mx\/index.php?rest_route=\/wp\/v2\/posts"}],"about":[{"href":"https:\/\/zonaroja.com.mx\/index.php?rest_route=\/wp\/v2\/types\/post"}],"author":[{"embeddable":true,"href":"https:\/\/zonaroja.com.mx\/index.php?rest_route=\/wp\/v2\/users\/2"}],"replies":[{"embeddable":true,"href":"https:\/\/zonaroja.com.mx\/index.php?rest_route=%2Fwp%2Fv2%2Fcomments&post=85860"}],"version-history":[{"count":1,"href":"https:\/\/zonaroja.com.mx\/index.php?rest_route=\/wp\/v2\/posts\/85860\/revisions"}],"predecessor-version":[{"id":85861,"href":"https:\/\/zonaroja.com.mx\/index.php?rest_route=\/wp\/v2\/posts\/85860\/revisions\/85861"}],"wp:featuredmedia":[{"embeddable":true,"href":"https:\/\/zonaroja.com.mx\/index.php?rest_route=\/wp\/v2\/media\/85859"}],"wp:attachment":[{"href":"https:\/\/zonaroja.com.mx\/index.php?rest_route=%2Fwp%2Fv2%2Fmedia&parent=85860"}],"wp:term":[{"taxonomy":"category","embeddable":true,"href":"https:\/\/zonaroja.com.mx\/index.php?rest_route=%2Fwp%2Fv2%2Fcategories&post=85860"},{"taxonomy":"post_tag","embeddable":true,"href":"https:\/\/zonaroja.com.mx\/index.php?rest_route=%2Fwp%2Fv2%2Ftags&post=85860"}],"curies":[{"name":"wp","href":"https:\/\/api.w.org\/{rel}","templated":true}]}}