{"id":85862,"date":"2025-10-16T18:36:05","date_gmt":"2025-10-17T00:36:05","guid":{"rendered":"https:\/\/zonaroja.com.mx\/?p=85862"},"modified":"2025-10-16T18:36:09","modified_gmt":"2025-10-17T00:36:09","slug":"andrea-monserrat-acusa-negligencia-del-tsj-ante-agresion-de-la-saxofonista-maria-elena","status":"publish","type":"post","link":"https:\/\/zonaroja.com.mx\/?p=85862","title":{"rendered":"\u00a0Andrea Monserrat acusa negligencia del TSJ ante agresi\u00f3n de la saxofonista Mar\u00eda Elena\u00a0"},"content":{"rendered":"\n<p>Redacci\u00f3n\/Zona Roja.<\/p>\n\n\n\n<p>Oaxaca, Oax., a 16 de octubre de 2025.- Con una protesta en una sede del Tribunal Superior de Justicia del Estado, en la ciudad de Oaxaca, Andrea Monserrat Ramos G\u00f3mez se manifest\u00f3 para exigir justicia por la agresi\u00f3n que sufri\u00f3 en diciembre pasado y para denunciar que sus presuntas agresoras no se presentaron a la audiencia inicial en los juzgados de Tanivet, Tlacolula.<\/p>\n\n\n\n<p>La joven reiter\u00f3 su denuncia en contra de la saxofonista Mar\u00eda Elena R. O. y la hermana de \u00e9sta, Silvia R. O., por haberla agredido el pasado mes de diciembre en un hospital de la ciudad, donde se encontraba Juan Antonio V. C., presunto responsable del intento de femicidio en contra de Mar\u00eda Elena.<\/p>\n\n\n\n<p>\u00abFui golpeada, abusada y ahorita se debi\u00f3 haber llevado a cabo una audiencia en Tanivet y estas personas que me agredieron no llegaron\u00bb, extern\u00f3 Andrea, al acusar negligencia de parte del Tribunal Superior de Justicia.<\/p>\n\n\n\n<p>\u00abLa vez pasada fue por la presidenta del tribunal, Berenice Ram\u00edrez Jim\u00e9nez, y ahora que es una nueva administraci\u00f3n pido justicia a la nueva presidenta del tribunal, \u00c9rika Rodr\u00edguez, que me ayude\u00bb, expres\u00f3 al subrayar su exigencia de justicia.<\/p>\n\n\n\n<p>\u201cSoy una v\u00edctima real de Mar\u00eda Elena y su hermana; fui golpeada, abusada y ahorita se debi\u00f3 haber llevado a cabo una audiencia y estas personas no llegaron.<\/p>\n\n\n\n<p>\u201cEstoy realmente afectada, no puedo ni hablar, no puedo respirar, porque no puede ser, todos vieron los videos c\u00f3mo fui agredida; me golpearon, me violaron\u201d, dijo la joven entre l\u00e1grimas.<\/p>\n\n\n\n<p>Lament\u00f3 la negligencia que hubo en la gesti\u00f3n anterior del Tribunal Superior de Justicia: \u201cYo soy una v\u00edctima real, necesito que se escuche mi voz, que mi caso se visibilice y mi historia sea escuchada, que las autoridades me den justicia\u201d, expuso,<\/p>\n\n\n\n<p>En su momento, tras el altercado, Mar\u00eda Elena R. O. tambi\u00e9n acus\u00f3 a Andrea Monserrat de violentarla de manera sistem\u00e1tica. Esto luego de que Andrea negara haber tenido contacto con ella hasta antes de la agresi\u00f3n.&nbsp;<\/p>\n\n\n\n<p>Mar\u00eda Elena fue v\u00edctima de un ataque con \u00e1cido el 9 de septiembre de 2019 en Huajuapan de Le\u00f3n, Oaxaca.\u00a0<\/p>\n\n\n\n<figure class=\"wp-block-embed is-type-rich is-provider-twitter wp-block-embed-twitter\"><div class=\"wp-block-embed__wrapper\">\n<div class=\"twitter-tweet\"><blockquote class=\"twitter-tweet\" data-lang=\"es\"><p lang=\"es\" dir=\"ltr\"><a href=\"https:\/\/twitter.com\/hashtag\/ENVIVO?src=hash&amp;ref_src=twsrc%5Etfw\">#ENVIVO<\/a><br>Conferencia de prensa en la sede del Consejo de la Judicatura del <a href=\"https:\/\/twitter.com\/tsjoaxaca?ref_src=twsrc%5Etfw\">@TSJOaxaca<\/a> de la joven Andrea Montserrat, quien denunci\u00f3 a Mar\u00eda Elena R. O. y su hermana Silvia R. O., por agresi\u00f3n y violencia f\u00edsica en su contra. <a href=\"https:\/\/t.co\/1DQ4Vg3pKu\">https:\/\/t.co\/1DQ4Vg3pKu<\/a><\/p>&mdash; Zona Roja Oaxaca (@ZonaRoja_Oaxaca) <a href=\"https:\/\/twitter.com\/ZonaRoja_Oaxaca\/status\/1978900560880321011?ref_src=twsrc%5Etfw\">16 de octubre de 2025<\/a><\/blockquote><\/div>\n<\/div><\/figure>\n","protected":false},"excerpt":{"rendered":"<p>Redacci\u00f3n\/Zona Roja. Oaxaca, Oax., a 16 de octubre de 2025.- Con una protesta en una&hellip;<\/p>\n","protected":false},"author":2,"featured_media":85863,"comment_status":"closed","ping_status":"open","sticky":false,"template":"","format":"standard","meta":{"_lmt_disableupdate":"","_lmt_disable":"","_jetpack_memberships_contains_paid_content":false,"footnotes":""},"categories":[109,47],"tags":[4490,1124],"class_list":["post-85862","post","type-post","status-publish","format-standard","has-post-thumbnail","hentry","category-minuto-a-minuto","category-zona-gris","tag-andrea-montserrat-ramos-gomez","tag-maria-elena-rios-ortiz"],"jetpack_featured_media_url":"https:\/\/zonaroja.com.mx\/wp-content\/uploads\/2025\/10\/Andrea-Montserrat-conferencia-caso-Maria-Elena-Rios.jpg","jetpack_sharing_enabled":true,"_links":{"self":[{"href":"https:\/\/zonaroja.com.mx\/index.php?rest_route=\/wp\/v2\/posts\/85862","targetHints":{"allow":["GET"]}}],"collection":[{"href":"https:\/\/zonaroja.com.mx\/index.php?rest_route=\/wp\/v2\/posts"}],"about":[{"href":"https:\/\/zonaroja.com.mx\/index.php?rest_route=\/wp\/v2\/types\/post"}],"author":[{"embeddable":true,"href":"https:\/\/zonaroja.com.mx\/index.php?rest_route=\/wp\/v2\/users\/2"}],"replies":[{"embeddable":true,"href":"https:\/\/zonaroja.com.mx\/index.php?rest_route=%2Fwp%2Fv2%2Fcomments&post=85862"}],"version-history":[{"count":1,"href":"https:\/\/zonaroja.com.mx\/index.php?rest_route=\/wp\/v2\/posts\/85862\/revisions"}],"predecessor-version":[{"id":85864,"href":"https:\/\/zonaroja.com.mx\/index.php?rest_route=\/wp\/v2\/posts\/85862\/revisions\/85864"}],"wp:featuredmedia":[{"embeddable":true,"href":"https:\/\/zonaroja.com.mx\/index.php?rest_route=\/wp\/v2\/media\/85863"}],"wp:attachment":[{"href":"https:\/\/zonaroja.com.mx\/index.php?rest_route=%2Fwp%2Fv2%2Fmedia&parent=85862"}],"wp:term":[{"taxonomy":"category","embeddable":true,"href":"https:\/\/zonaroja.com.mx\/index.php?rest_route=%2Fwp%2Fv2%2Fcategories&post=85862"},{"taxonomy":"post_tag","embeddable":true,"href":"https:\/\/zonaroja.com.mx\/index.php?rest_route=%2Fwp%2Fv2%2Ftags&post=85862"}],"curies":[{"name":"wp","href":"https:\/\/api.w.org\/{rel}","templated":true}]}}