{"id":85872,"date":"2025-10-17T07:20:00","date_gmt":"2025-10-17T13:20:00","guid":{"rendered":"https:\/\/zonaroja.com.mx\/?p=85872"},"modified":"2025-10-17T06:26:58","modified_gmt":"2025-10-17T12:26:58","slug":"diversas-ong-exigen-a-gobiernos-garantizar-presupuestos-para-el-aborto","status":"publish","type":"post","link":"https:\/\/zonaroja.com.mx\/?p=85872","title":{"rendered":"Diversas ONG exigen a gobiernos garantizar presupuestos para el aborto"},"content":{"rendered":"\n<p>Lisbeth Mej\u00eda Reyes\/Zona Roja.<\/p>\n\n\n\n<p>Oaxaca, Oax., a 17 de octubre de 2025.- Al se\u00f1alar que persisten la desinformaci\u00f3n, los estigmas y la criminalizaci\u00f3n en torno al aborto, organizaciones y colectivas de nueve estados del pa\u00eds del movimiento Marea Verde exigieron al gobierno federal y a los locales garantizar este derecho por el que las mujeres han luchado varios a\u00f1os.<\/p>\n\n\n\n<p>Luego del primer \u00abEncuentro Regional Olas del Sur-sureste por los derechos y la autonom\u00eda\u00bb, las decenas de organizaciones, defensoras y colectivas reiteraron que esta \u00ablucha hist\u00f3rica es una lucha justa, democr\u00e1tica, de derechos humanos, y que siempre tiene que estar al frente en la defensa de los derechos humanos y reconocidas de tal manera\u00bb.<\/p>\n\n\n\n<p>De ah\u00ed su exigencia porque la Secretar\u00eda de Salud y los gobiernos de los estados de Chiapas, Veracruz, Oaxaca, Guerrero , Quintana Roo, Puebla, Campeche, Yucat\u00e1n y Tabasco \u00abtengan la voluntad pol\u00edtica para dar los servicios de aborto legal y seguro\u00bb.<\/p>\n\n\n\n<p>Este jueves, en conferencia de prensa en el z\u00f3calo de la ciudad de Oaxaca, las integrantes de las organizaciones lanzaron una llamado a las autoridades para \u00abque en los presupuestos que se van a discutir pr\u00f3ximamente en los congresos locales tambi\u00e9n se designen recursos p\u00fablicos para que estos servicios se puedan dar con calidez y efectividad\u00bb.<\/p>\n\n\n\n<p>De la Organizaci\u00f3n Consorcio Oaxaca, una de las participantes, Elizabeth Mosqueda, subray\u00f3 que el derecho al aborto est\u00e1 enmarcado en otros derechos, sin embargo, se ve afectado por otras violencias del sistema patriarcal y capitalista.<\/p>\n\n\n\n<p>Otras activistas tambi\u00e9n se\u00f1alaron que con la transici\u00f3n del sistema IMSS Bienestar tambi\u00e9n se han generado obst\u00e1culos para quienes requieren del acceso al aborto, lo que limita su atenci\u00f3n.<\/p>\n\n\n\n<p>Del 2007 (con la Ciudad de M\u00e9xico como primera entidad en despenalizar) y hasta mediados del 2025, 23 estados han avanzado en la despenalizaci\u00f3n del aborto hasta las 12 semanas.&nbsp;<\/p>\n\n\n\n<p>De acuerdo con la agencia Cimacnoticias estos son: Baja California, Baja California Sur, Chiapas, Campeche, Chiapas, Chihuahua, Ciudad de M\u00e9xico, Coahuila, Colima, Estado de M\u00e9xico, Guerrero, Hidalgo, Jalisco, Michoac\u00e1n, Nayarit, Oaxaca, Puebla, Quintana Roo, San Luis Potos\u00ed, Sinaloa, Tabasco, Veracruz, Yucat\u00e1n, Zacatecas.&nbsp;<\/p>\n\n\n\n<p>En tanto, Aguascalientes, que lo hab\u00eda despenalizado en agosto de 2023, tuvo un retroceso cuando su congreso redujo de 12 a 6 semanas el l\u00edmite.<\/p>\n","protected":false},"excerpt":{"rendered":"<p>Lisbeth Mej\u00eda Reyes\/Zona Roja. Oaxaca, Oax., a 17 de octubre de 2025.- Al se\u00f1alar que&hellip;<\/p>\n","protected":false},"author":2,"featured_media":85874,"comment_status":"closed","ping_status":"open","sticky":false,"template":"","format":"standard","meta":{"_lmt_disableupdate":"","_lmt_disable":"","_jetpack_memberships_contains_paid_content":false,"footnotes":""},"categories":[109,47],"tags":[],"class_list":["post-85872","post","type-post","status-publish","format-standard","has-post-thumbnail","hentry","category-minuto-a-minuto","category-zona-gris"],"jetpack_featured_media_url":"https:\/\/zonaroja.com.mx\/wp-content\/uploads\/2025\/10\/Marea-Verde-caso-aborto.jpg","jetpack_sharing_enabled":true,"_links":{"self":[{"href":"https:\/\/zonaroja.com.mx\/index.php?rest_route=\/wp\/v2\/posts\/85872","targetHints":{"allow":["GET"]}}],"collection":[{"href":"https:\/\/zonaroja.com.mx\/index.php?rest_route=\/wp\/v2\/posts"}],"about":[{"href":"https:\/\/zonaroja.com.mx\/index.php?rest_route=\/wp\/v2\/types\/post"}],"author":[{"embeddable":true,"href":"https:\/\/zonaroja.com.mx\/index.php?rest_route=\/wp\/v2\/users\/2"}],"replies":[{"embeddable":true,"href":"https:\/\/zonaroja.com.mx\/index.php?rest_route=%2Fwp%2Fv2%2Fcomments&post=85872"}],"version-history":[{"count":1,"href":"https:\/\/zonaroja.com.mx\/index.php?rest_route=\/wp\/v2\/posts\/85872\/revisions"}],"predecessor-version":[{"id":85875,"href":"https:\/\/zonaroja.com.mx\/index.php?rest_route=\/wp\/v2\/posts\/85872\/revisions\/85875"}],"wp:featuredmedia":[{"embeddable":true,"href":"https:\/\/zonaroja.com.mx\/index.php?rest_route=\/wp\/v2\/media\/85874"}],"wp:attachment":[{"href":"https:\/\/zonaroja.com.mx\/index.php?rest_route=%2Fwp%2Fv2%2Fmedia&parent=85872"}],"wp:term":[{"taxonomy":"category","embeddable":true,"href":"https:\/\/zonaroja.com.mx\/index.php?rest_route=%2Fwp%2Fv2%2Fcategories&post=85872"},{"taxonomy":"post_tag","embeddable":true,"href":"https:\/\/zonaroja.com.mx\/index.php?rest_route=%2Fwp%2Fv2%2Ftags&post=85872"}],"curies":[{"name":"wp","href":"https:\/\/api.w.org\/{rel}","templated":true}]}}