{"id":85885,"date":"2025-10-17T10:15:00","date_gmt":"2025-10-17T16:15:00","guid":{"rendered":"https:\/\/zonaroja.com.mx\/?p=85885"},"modified":"2025-10-17T07:58:48","modified_gmt":"2025-10-17T13:58:48","slug":"destaca-santa-lucia-del-camino-por-cumplimiento-con-auditorias","status":"publish","type":"post","link":"https:\/\/zonaroja.com.mx\/?p=85885","title":{"rendered":"Destaca Santa Luc\u00eda del Camino por cumplimiento con auditor\u00edas"},"content":{"rendered":"\n<p>Raymundo Morales\/Zona Roja.<\/p>\n\n\n\n<p>Oaxaca, Oax., a 17 de octubre de 2025.- El ayuntamiento de Santa Luc\u00eda del Camino fue reconocido por la Auditor\u00eda Superior de la Federaci\u00f3n (ASF) por cumplir con la revisi\u00f3n de los recursos federales en la gesti\u00f3n del edil morenista Juan Carlos Garc\u00eda M\u00e1rquez.<\/p>\n\n\n\n<p>\u201cInformamos con orgullo a la ciudadan\u00eda de nuestro municipio que la Auditor\u00eda Superior de la Federaci\u00f3n, dependiente de la C\u00e1mara de Diputados del Congreso de la Uni\u00f3n, ha notificado la solventaci\u00f3n total de las observaciones derivadas de la auditor\u00eda practicada la Cuenta P\u00fablica 2023.<\/p>\n\n\n\n<p>\u201cEste \u00f3rgano superior en materia de fiscalizaci\u00f3n ha confirmado que los recursos federales ejercidos durante dicho periodo fueron utilizados de manera eficaz, conforme a los principios de legalidad, m\u00e1xima publicidad y eficiencia del gasto p\u00fablico, administraci\u00f3n que fue encabezada por nosotros de igual forma.<\/p>\n\n\n\n<p>\u201cSomos un gobierno transparente y que ejerci\u00f3 correctamente el recurso federal en el periodo 2022-2024 y en este periodo constitucional, lo volveremos a hacer\u201d, difundi\u00f3 el edil surgido del Partido Morena y en segundo mandato en dicho municipio conurbado a la capital de Oaxaca.&nbsp;<\/p>\n\n\n\n<p>Expuso que con estas acciones, su gobierno refrenda el compromiso con la rendici\u00f3n de cuentas y la transparencia, \u201cpilares fundamentales para distinguir a un buen gobierno de los anteriores y como lo expres\u00e9 en campa\u00f1a: Este gobierno ejercer\u00eda los recursos p\u00fablicos con honestidad; como ning\u00fan otro antes\u201d, destac\u00f3.<\/p>\n\n\n\n<p>El oficio de la ASF tiene fecha del 14 de octubre y notifica la solventaci\u00f3n plena al Fondo de Aportaciones para el Fortalecimiento de los Municipios y de las Demarcaciones Territoriales del Distrito Federal.<\/p>\n\n\n\n<p>El documento est\u00e1 firmado por el Auditor Especial de Seguimiento, Informes e Investigaci\u00f3n de la Auditor\u00eda Superior de la Federaci\u00f3n, Nemesio Arturo Ib\u00e1\u00f1ez Aguirre.<\/p>\n\n\n\n<p>El presidente municipal Garc\u00eda M\u00e1rquez aprovech\u00f3 para precisar que su administraci\u00f3n seguir\u00e1 impulsado obras y acciones en respaldo a la poblaci\u00f3n en general y en particular a las zonas marginadas.<\/p>\n\n\n\n<p>De la misma manera, reiter\u00f3 su respeto a los derechos humanos a los habitantes y quienes transitan por la demarcaci\u00f3n, as\u00ed como garantiz\u00f3 la seguridad en el municipio.<\/p>\n","protected":false},"excerpt":{"rendered":"<p>Raymundo Morales\/Zona Roja. Oaxaca, Oax., a 17 de octubre de 2025.- El ayuntamiento de Santa&hellip;<\/p>\n","protected":false},"author":2,"featured_media":85878,"comment_status":"closed","ping_status":"open","sticky":false,"template":"","format":"standard","meta":{"_lmt_disableupdate":"","_lmt_disable":"","_jetpack_memberships_contains_paid_content":false,"footnotes":""},"categories":[109,46],"tags":[2533,337],"class_list":["post-85885","post","type-post","status-publish","format-standard","has-post-thumbnail","hentry","category-minuto-a-minuto","category-zona-blanca","tag-juan-carlos-garcia-marquez","tag-santa-lucia-del-camino"],"jetpack_featured_media_url":"https:\/\/zonaroja.com.mx\/wp-content\/uploads\/2025\/10\/Juan-Carlos-Garcia-Marquez-Santa-Lucia.jpg","jetpack_sharing_enabled":true,"_links":{"self":[{"href":"https:\/\/zonaroja.com.mx\/index.php?rest_route=\/wp\/v2\/posts\/85885","targetHints":{"allow":["GET"]}}],"collection":[{"href":"https:\/\/zonaroja.com.mx\/index.php?rest_route=\/wp\/v2\/posts"}],"about":[{"href":"https:\/\/zonaroja.com.mx\/index.php?rest_route=\/wp\/v2\/types\/post"}],"author":[{"embeddable":true,"href":"https:\/\/zonaroja.com.mx\/index.php?rest_route=\/wp\/v2\/users\/2"}],"replies":[{"embeddable":true,"href":"https:\/\/zonaroja.com.mx\/index.php?rest_route=%2Fwp%2Fv2%2Fcomments&post=85885"}],"version-history":[{"count":1,"href":"https:\/\/zonaroja.com.mx\/index.php?rest_route=\/wp\/v2\/posts\/85885\/revisions"}],"predecessor-version":[{"id":85886,"href":"https:\/\/zonaroja.com.mx\/index.php?rest_route=\/wp\/v2\/posts\/85885\/revisions\/85886"}],"wp:featuredmedia":[{"embeddable":true,"href":"https:\/\/zonaroja.com.mx\/index.php?rest_route=\/wp\/v2\/media\/85878"}],"wp:attachment":[{"href":"https:\/\/zonaroja.com.mx\/index.php?rest_route=%2Fwp%2Fv2%2Fmedia&parent=85885"}],"wp:term":[{"taxonomy":"category","embeddable":true,"href":"https:\/\/zonaroja.com.mx\/index.php?rest_route=%2Fwp%2Fv2%2Fcategories&post=85885"},{"taxonomy":"post_tag","embeddable":true,"href":"https:\/\/zonaroja.com.mx\/index.php?rest_route=%2Fwp%2Fv2%2Ftags&post=85885"}],"curies":[{"name":"wp","href":"https:\/\/api.w.org\/{rel}","templated":true}]}}