{"id":85889,"date":"2025-10-17T12:30:00","date_gmt":"2025-10-17T18:30:00","guid":{"rendered":"https:\/\/zonaroja.com.mx\/?p=85889"},"modified":"2025-10-17T08:08:40","modified_gmt":"2025-10-17T14:08:40","slug":"idiotas-teatro-llevara-el-arte-escenico-a-las-calles-de-oaxaca-con-la-obra-arca","status":"publish","type":"post","link":"https:\/\/zonaroja.com.mx\/?p=85889","title":{"rendered":"Idiotas Teatro llevar\u00e1 el arte esc\u00e9nico a las calles de Oaxaca con la obra \u00abArca\u00bb"},"content":{"rendered":"\n<p>Lisbeth Mej\u00eda Reyes\/Zona Roja.<\/p>\n\n\n\n<p>Oaxaca, Oax., a 17 de octubre de 2025.- La compa\u00f1\u00eda Idiotas Teatro considera que el arte esc\u00e9nico no solamente es colaborativo sino inclusivo, de ah\u00ed la importancia del teatro de calle, con el que busca ampliar su alcance con el p\u00fablico para que este tambi\u00e9n se vuelva parte de la obra.&nbsp;<\/p>\n\n\n\n<p>Bajo esa idea, la compa\u00f1\u00eda ha desarrollado su nueva propuesta: \u00abArca\u00bb, la cual se inspira en las tradicionales calendas de Oaxaca y las chicharras, insectos que en la cultura mixteca anuncian las lluvias.<\/p>\n\n\n\n<p>La obra tendr\u00e1 varias funciones en noviembre y diciembre en la capital oaxaque\u00f1a, teniendo como foro el jard\u00edn \u00abEl Pa\u00f1uelito\u00bb, en el centro hist\u00f3rico.<\/p>\n\n\n\n<p>\u00abArca\u00bb es el primer espect\u00e1culo formal de teatro de calle de la compa\u00f1\u00eda que lideran el oaxaque\u00f1o Fernando Reyes y Cristian David (de la Ciudad de M\u00e9xico). Para esta obra, y como en su anterior propuesta de \u00abMaroma\u00bb, tendr\u00e1n la colaboraci\u00f3n de Pasatono Orquesta, con la m\u00fasica original del tambi\u00e9n integrante de esta, Rub\u00e9n Luengas.<\/p>\n\n\n\n<p>\u00abCreemos que Oaxaca tiene un car\u00e1cter de teatralidad en la calle muy fuerte. Todas las manifestaciones o gran parte, desde las procesiones hasta las calendas representante ese abanico de manifestaciones que est\u00e1n en la calle y que tienen un car\u00e1cter muy arraigado en el estado\u00bb, expres\u00f3 Reyes durante la conferencia de prensa de \u00abArca\u00bb, realizada este jueves en \u00abEl Pa\u00f1uelito\u00bb.<\/p>\n\n\n\n<p>La calle como escenario teatral es vista tambi\u00e9n como \u00abescenario pol\u00edtico donde genera la posibilidad de encuentros, miradas, de diferentes perspectivas\u00bb.<\/p>\n\n\n\n<p>La obra es la culminaci\u00f3n del proyecto \u00abEnso\u00f1aciones esc\u00e9nicas\u00bb, en la que la compa\u00f1\u00eda desarroll\u00f3 las puestas en escena \u00abAbrazo\u00bb, \u00abMaroma\u00bb y \u00abJah, los brujos del agua\u00bb, las dos primeras presentadas en Oaxaca y la terceryen Canc\u00fan, Quintana Roo.<\/p>\n\n\n\n<p>Cristian David, quien comparte la direcci\u00f3n esc\u00e9nica con Fernando Reyes, remarc\u00f3 que \u00abArca\u00bb es una propuesta de teatro de calle, pero que adem\u00e1s es una manera de apropiarse del espacio p\u00fablico.<\/p>\n\n\n\n<p>Durante la conferencia, el secretario de las Culturas y Artes, Flavio Sosa Villavicencio, tambi\u00e9n destac\u00f3 la colaboraci\u00f3n con la compa\u00f1\u00eda para que el teatro est\u00e9 en las calles.<\/p>\n\n\n\n<p>\u00abArca\u00bb se presentar\u00e1 los d\u00edas 19, 20, 21, 22, 23, 24 de noviembre y los d\u00edas 11, 12, 13, 14, 15 y 16 de diciembre.&nbsp;<\/p>\n\n\n\n<p>Para el desarrollo de la obra y las funciones, la compa\u00f1\u00eda se\u00f1al\u00f3 que ha contado con el respaldo del Sistema de Apoyos a la Creaci\u00f3n y Proyectos Culturales (SACPC), el Est\u00edmulo Fiscal a la Producci\u00f3n Art\u00edstica Nacional (EFIARTES), la Secretar\u00eda de las Culturas y Artes de Oaxaca y el municipio de Oaxaca de Ju\u00e1rez.<\/p>\n","protected":false},"excerpt":{"rendered":"<p>Lisbeth Mej\u00eda Reyes\/Zona Roja. Oaxaca, Oax., a 17 de octubre de 2025.- La compa\u00f1\u00eda Idiotas&hellip;<\/p>\n","protected":false},"author":2,"featured_media":85879,"comment_status":"closed","ping_status":"open","sticky":false,"template":"","format":"standard","meta":{"_lmt_disableupdate":"","_lmt_disable":"","_jetpack_memberships_contains_paid_content":false,"footnotes":""},"categories":[109,46],"tags":[4345],"class_list":["post-85889","post","type-post","status-publish","format-standard","has-post-thumbnail","hentry","category-minuto-a-minuto","category-zona-blanca","tag-idiotas-teatro"],"jetpack_featured_media_url":"https:\/\/zonaroja.com.mx\/wp-content\/uploads\/2025\/10\/Conferencia-Seculta-Idiotas-Teatro.jpg","jetpack_sharing_enabled":true,"_links":{"self":[{"href":"https:\/\/zonaroja.com.mx\/index.php?rest_route=\/wp\/v2\/posts\/85889","targetHints":{"allow":["GET"]}}],"collection":[{"href":"https:\/\/zonaroja.com.mx\/index.php?rest_route=\/wp\/v2\/posts"}],"about":[{"href":"https:\/\/zonaroja.com.mx\/index.php?rest_route=\/wp\/v2\/types\/post"}],"author":[{"embeddable":true,"href":"https:\/\/zonaroja.com.mx\/index.php?rest_route=\/wp\/v2\/users\/2"}],"replies":[{"embeddable":true,"href":"https:\/\/zonaroja.com.mx\/index.php?rest_route=%2Fwp%2Fv2%2Fcomments&post=85889"}],"version-history":[{"count":1,"href":"https:\/\/zonaroja.com.mx\/index.php?rest_route=\/wp\/v2\/posts\/85889\/revisions"}],"predecessor-version":[{"id":85890,"href":"https:\/\/zonaroja.com.mx\/index.php?rest_route=\/wp\/v2\/posts\/85889\/revisions\/85890"}],"wp:featuredmedia":[{"embeddable":true,"href":"https:\/\/zonaroja.com.mx\/index.php?rest_route=\/wp\/v2\/media\/85879"}],"wp:attachment":[{"href":"https:\/\/zonaroja.com.mx\/index.php?rest_route=%2Fwp%2Fv2%2Fmedia&parent=85889"}],"wp:term":[{"taxonomy":"category","embeddable":true,"href":"https:\/\/zonaroja.com.mx\/index.php?rest_route=%2Fwp%2Fv2%2Fcategories&post=85889"},{"taxonomy":"post_tag","embeddable":true,"href":"https:\/\/zonaroja.com.mx\/index.php?rest_route=%2Fwp%2Fv2%2Ftags&post=85889"}],"curies":[{"name":"wp","href":"https:\/\/api.w.org\/{rel}","templated":true}]}}