{"id":85891,"date":"2025-10-17T10:08:00","date_gmt":"2025-10-17T16:08:00","guid":{"rendered":"https:\/\/zonaroja.com.mx\/?p=85891"},"modified":"2025-10-17T08:22:42","modified_gmt":"2025-10-17T14:22:42","slug":"persiste-inconformidad-en-el-hospital-del-issste-en-oaxaca","status":"publish","type":"post","link":"https:\/\/zonaroja.com.mx\/?p=85891","title":{"rendered":"Persiste inconformidad en el hospital del ISSSTE en Oaxaca"},"content":{"rendered":"\n<p>Raymundo Morales\/Zona Roja.<\/p>\n\n\n\n<p>Oaxaca, Oax., a 17 de octubre de 2025.- La inconformidad de trabajadores del Hospital Regional \u201cPresidente Ju\u00e1rez\u201d del ISSSTE en Oaxaca contin\u00faa este viernes.<\/p>\n\n\n\n<p>Desde hace tres d\u00edas intensificaron la protesta para exigir la destituci\u00f3n del director, Emanuel de Jes\u00fas Cort\u00e9s; asimnismo, para demandar denunciar&nbsp; equipos obsoletos e inservibles, as\u00ed como falta de medicamentos y sin mantenimiento a las instalaciones.<\/p>\n\n\n\n<p>Ayer, la dirigencia de la Secci\u00f3n XXI del Sindicato de Trabajadores del ISSSTE reitero su postura de rechazo contra el director y dem\u00e1s funcionarios del Hospital Regional ubicado en la capital.<\/p>\n\n\n\n<p>La secretaria General de la Secci\u00f3n XXV, Lucia Garc\u00eda Alves, y el delegado sindical del hospital \u201cPresidente Ju\u00e1rez\u201d, Jos\u00e9 Manuel Andrade Rafael, reiteraron que no son recientes las denuncias y demandas del personal, ante las cr\u00edticas condiciones en que se encuentra el nosocomio.<\/p>\n\n\n\n<p>Recordaron que persiste el abasto de medicamentos y de equipamiento adecuado para poder realizar sus labores, por lo cual la base trabajadora tuvo que tomar medidas m\u00e1s extremas de protesta.<\/p>\n\n\n\n<p>En las cartulinas que colocaron en los cristales y paredes del \u00e1rea de gobierno, los trabajadores plasmaron su demanda de destituci\u00f3n del director del hospital, Emanuel de Jes\u00fas Cort\u00e9s, as\u00ed como de la subdirectora, Claudia Santiago Jarqu\u00edn, y de la administradora, Mar\u00eda Antonieta Jarqu\u00edn.<\/p>\n\n\n\n<p>Asimismo, pidieron la destituci\u00f3n de los coordinadores m\u00e9dicos, administrativos y de enfermer\u00eda porque nadie resuelve las necesidades operativas, de infraestructura y de atenci\u00f3n a pacientes.<\/p>\n\n\n\n<p>Denunciaron que el personal que ha manifestado sus inconformidades est\u00e1 siendo intimidado por el director del nosocomio, y los amenaza con levantarles actas administrativas.<\/p>\n","protected":false},"excerpt":{"rendered":"<p>Raymundo Morales\/Zona Roja. Oaxaca, Oax., a 17 de octubre de 2025.- La inconformidad de trabajadores&hellip;<\/p>\n","protected":false},"author":2,"featured_media":85892,"comment_status":"closed","ping_status":"open","sticky":false,"template":"","format":"standard","meta":{"_lmt_disableupdate":"","_lmt_disable":"","_jetpack_memberships_contains_paid_content":false,"footnotes":""},"categories":[109,47],"tags":[1554],"class_list":["post-85891","post","type-post","status-publish","format-standard","has-post-thumbnail","hentry","category-minuto-a-minuto","category-zona-gris","tag-issste-oaxaca"],"jetpack_featured_media_url":"https:\/\/zonaroja.com.mx\/wp-content\/uploads\/2025\/10\/Protesta-hospital-ISSSTe-Oaxaca.jpg","jetpack_sharing_enabled":true,"_links":{"self":[{"href":"https:\/\/zonaroja.com.mx\/index.php?rest_route=\/wp\/v2\/posts\/85891","targetHints":{"allow":["GET"]}}],"collection":[{"href":"https:\/\/zonaroja.com.mx\/index.php?rest_route=\/wp\/v2\/posts"}],"about":[{"href":"https:\/\/zonaroja.com.mx\/index.php?rest_route=\/wp\/v2\/types\/post"}],"author":[{"embeddable":true,"href":"https:\/\/zonaroja.com.mx\/index.php?rest_route=\/wp\/v2\/users\/2"}],"replies":[{"embeddable":true,"href":"https:\/\/zonaroja.com.mx\/index.php?rest_route=%2Fwp%2Fv2%2Fcomments&post=85891"}],"version-history":[{"count":1,"href":"https:\/\/zonaroja.com.mx\/index.php?rest_route=\/wp\/v2\/posts\/85891\/revisions"}],"predecessor-version":[{"id":85893,"href":"https:\/\/zonaroja.com.mx\/index.php?rest_route=\/wp\/v2\/posts\/85891\/revisions\/85893"}],"wp:featuredmedia":[{"embeddable":true,"href":"https:\/\/zonaroja.com.mx\/index.php?rest_route=\/wp\/v2\/media\/85892"}],"wp:attachment":[{"href":"https:\/\/zonaroja.com.mx\/index.php?rest_route=%2Fwp%2Fv2%2Fmedia&parent=85891"}],"wp:term":[{"taxonomy":"category","embeddable":true,"href":"https:\/\/zonaroja.com.mx\/index.php?rest_route=%2Fwp%2Fv2%2Fcategories&post=85891"},{"taxonomy":"post_tag","embeddable":true,"href":"https:\/\/zonaroja.com.mx\/index.php?rest_route=%2Fwp%2Fv2%2Ftags&post=85891"}],"curies":[{"name":"wp","href":"https:\/\/api.w.org\/{rel}","templated":true}]}}