{"id":85894,"date":"2025-10-17T13:29:00","date_gmt":"2025-10-17T19:29:00","guid":{"rendered":"https:\/\/zonaroja.com.mx\/?p=85894"},"modified":"2025-10-17T08:30:38","modified_gmt":"2025-10-17T14:30:38","slug":"intentaron-asesinar-a-una-mujer-ahora-en-la-zona-mixe-hay-dos-detenidos","status":"publish","type":"post","link":"https:\/\/zonaroja.com.mx\/?p=85894","title":{"rendered":"Intentaron asesinar a una mujer, ahora en la zona Mixe; hay dos detenidos"},"content":{"rendered":"\n<p>Redacci\u00f3n\/Zona Roja.<\/p>\n\n\n\n<p>Oaxaca, Oax., a 17 de octubre de 2025.- Una mujer, identificada como E. V. M., fue lesionada de gravedad por dos individuos el pasado lunes 13 de octubre en la agencia Constituci\u00f3n del municipio de San Juan Mazatl\u00e1n Mixe.<\/p>\n\n\n\n<p>Tras las primeras investigaciones con perspectiva de g\u00e9nero, la Fiscal\u00eda General del Estado de Oaxaca (FGEO) ejecut\u00f3 \u00f3rdenes de aprehensi\u00f3n en contra de dos personas del sexo masculino identificadas como J.L.M. y G.M.L., quienes son el concubino y el cu\u00f1ado de la v\u00edctima, respectivamente.&nbsp;<\/p>\n\n\n\n<p>Las indagatorias revelan que, en el lugar, la v\u00edctima fue agredida f\u00edsicamente por dos hombres que le provocaron lesiones severas.<\/p>\n\n\n\n<p>Ante la agresi\u00f3n, la mujer pidi\u00f3 auxilio; personas cercanas tocaron a la puerta del domicilio, por lo que, al verse descubiertos, los agresores huyeron.<\/p>\n\n\n\n<p>La v\u00edctima logr\u00f3 salir a la calle, donde fue auxiliada por terceras personas y trasladada a un hospital para recibir atenci\u00f3n m\u00e9dica.<\/p>\n\n\n\n<p>Tras conocer el caso, la Fiscal\u00eda de Oaxaca, a trav\u00e9s de la Vicefiscal\u00eda Regional del Istmo, brinda y da acompa\u00f1amiento a la v\u00edctima, adem\u00e1s que inici\u00f3 las investigaciones con perspectiva de g\u00e9nero, logrando obtener \u00f3rdenes de aprehensi\u00f3n en contra de J.L.M.&nbsp; y G.M.L., por el delito de feminicidio agravado en grado de tentativa.<\/p>\n\n\n\n<p>Una vez localizados, J.L.M. y G.M.L., fueron detenidos el 15 de octubre de 2025 por elementos de la Agencia Estatal de Investigaciones (AEI), en colaboraci\u00f3n con la Secretar\u00eda de la Defensa Nacional (Sedena).<\/p>\n\n\n\n<p>Posteriormente, los imputados fueron puestos a disposici\u00f3n de la autoridad correspondiente, que determinar\u00e1 su situaci\u00f3n jur\u00eddica.<\/p>\n\n\n\n<p>La Fiscal\u00eda General del Estado de Oaxaca reafirma su compromiso de priorizar la atenci\u00f3n de delitos en los que las v\u00edctimas sean mujeres, ni\u00f1as, ni\u00f1os y adolescentes, aplicando todo el rigor de la ley a quienes resulten responsables.<\/p>\n","protected":false},"excerpt":{"rendered":"<p>Redacci\u00f3n\/Zona Roja. Oaxaca, Oax., a 17 de octubre de 2025.- Una mujer, identificada como E.&hellip;<\/p>\n","protected":false},"author":2,"featured_media":85895,"comment_status":"closed","ping_status":"open","sticky":false,"template":"","format":"standard","meta":{"_lmt_disableupdate":"","_lmt_disable":"","_jetpack_memberships_contains_paid_content":false,"footnotes":""},"categories":[109,46],"tags":[494],"class_list":["post-85894","post","type-post","status-publish","format-standard","has-post-thumbnail","hentry","category-minuto-a-minuto","category-zona-blanca","tag-fiscalia-general-del-estado-de-oaxaca"],"jetpack_featured_media_url":"https:\/\/zonaroja.com.mx\/wp-content\/uploads\/2025\/10\/Presuntos-feminicidas-San-Juan-Cotzocon-Fiscalia.jpg","jetpack_sharing_enabled":true,"_links":{"self":[{"href":"https:\/\/zonaroja.com.mx\/index.php?rest_route=\/wp\/v2\/posts\/85894","targetHints":{"allow":["GET"]}}],"collection":[{"href":"https:\/\/zonaroja.com.mx\/index.php?rest_route=\/wp\/v2\/posts"}],"about":[{"href":"https:\/\/zonaroja.com.mx\/index.php?rest_route=\/wp\/v2\/types\/post"}],"author":[{"embeddable":true,"href":"https:\/\/zonaroja.com.mx\/index.php?rest_route=\/wp\/v2\/users\/2"}],"replies":[{"embeddable":true,"href":"https:\/\/zonaroja.com.mx\/index.php?rest_route=%2Fwp%2Fv2%2Fcomments&post=85894"}],"version-history":[{"count":1,"href":"https:\/\/zonaroja.com.mx\/index.php?rest_route=\/wp\/v2\/posts\/85894\/revisions"}],"predecessor-version":[{"id":85896,"href":"https:\/\/zonaroja.com.mx\/index.php?rest_route=\/wp\/v2\/posts\/85894\/revisions\/85896"}],"wp:featuredmedia":[{"embeddable":true,"href":"https:\/\/zonaroja.com.mx\/index.php?rest_route=\/wp\/v2\/media\/85895"}],"wp:attachment":[{"href":"https:\/\/zonaroja.com.mx\/index.php?rest_route=%2Fwp%2Fv2%2Fmedia&parent=85894"}],"wp:term":[{"taxonomy":"category","embeddable":true,"href":"https:\/\/zonaroja.com.mx\/index.php?rest_route=%2Fwp%2Fv2%2Fcategories&post=85894"},{"taxonomy":"post_tag","embeddable":true,"href":"https:\/\/zonaroja.com.mx\/index.php?rest_route=%2Fwp%2Fv2%2Ftags&post=85894"}],"curies":[{"name":"wp","href":"https:\/\/api.w.org\/{rel}","templated":true}]}}