{"id":85900,"date":"2025-10-17T18:54:11","date_gmt":"2025-10-18T00:54:11","guid":{"rendered":"https:\/\/zonaroja.com.mx\/?p=85900"},"modified":"2025-10-17T18:54:14","modified_gmt":"2025-10-18T00:54:14","slug":"stephani-la-joven-poblana-asesinada-en-batallon-de-la-guardia-nacional","status":"publish","type":"post","link":"https:\/\/zonaroja.com.mx\/?p=85900","title":{"rendered":"Stephani: la joven poblana asesinada en batall\u00f3n de la Guardia Nacional"},"content":{"rendered":"\n<p>Redacci\u00f3n\/Zona Roja Cdmx.<\/p>\n\n\n\n<p>(Informaci\u00f3n de \u201cMTP Noticias\u201d)<\/p>\n\n\n\n<p>Ciudad de M\u00e9xico, a 17 de octubre de 2025.- Stephani, originaria de Ajalpan, Puebla, ten\u00eda unos meses de haber hecho realidad su sue\u00f1o de incorporarse a la Guardia Nacional; estaba en el batall\u00f3n 51 en Acapulco y durante una pr\u00e1ctica de desarme de armas la asesinaron.<\/p>\n\n\n\n<p>Solo ten\u00eda 19 a\u00f1os, era una joven valiente, atractiva y con una actitud imponente; sin embargo, ya estaba por tirar la toalla porque no soportaba el acoso de los mandos.<\/p>\n\n\n\n<p>A sus padres les informaron la noche de este martes 14 de octubre de 2025 que su hija \u201cmuri\u00f3 en cumplimiento de su deber\u201d; sin embargo, al indagar, compa\u00f1eros del batall\u00f3n 51 revelaron inconsistencias.&nbsp;<\/p>\n\n\n\n<p>Al llegar a Acapulco, Guerrero, a reclamar el cuerpo de Stephani, les dijeron que muri\u00f3 \u201caccidentalmente\u201d durante una pr\u00e1ctica, pues a un elemento se le fue un tiro.<\/p>\n\n\n\n<p>Sin embargo, el cuerpo tiene dos impactos de arma de fuego en la cabeza.<\/p>\n\n\n\n<p>Los padres de la joven no creen ninguna de las versiones que se les ha dado y sospechan que Stephani fue asesinada en el interior del cuartel.<\/p>\n\n\n\n<p>\u00bfQUI\u00c9N LA ASESIN\u00d3?<\/p>\n\n\n\n<p>La fotograf\u00eda del presunto feminicida, identificado como Yahir, circula en grupos de WhatsApp y en redes sociales de elementos de las fuerzas federales.<\/p>\n\n\n\n<p>Lo que presumen algunos compa\u00f1eros de la difunta es que ella rechaz\u00f3 a alg\u00fan mando y este la ultim\u00f3.<\/p>\n\n\n\n<p>Hasta la tarde del mi\u00e9rcoles 15 de octubre de 2025, el batall\u00f3n 51 de la Guardia Nacional no ha emitido ning\u00fan posicionamiento al respecto.<\/p>\n\n\n\n<p>Mientras que el Ayuntamiento de Ajalpan lanz\u00f3 un comunicado en el que exige que se haga justicia y se esclarezca el crimen de Stephani. Adem\u00e1s se sabe que est\u00e1n asesorando legalmente a los padres de la joven.<\/p>\n","protected":false},"excerpt":{"rendered":"<p>Redacci\u00f3n\/Zona Roja Cdmx. (Informaci\u00f3n de \u201cMTP Noticias\u201d) Ciudad de M\u00e9xico, a 17 de octubre de&hellip;<\/p>\n","protected":false},"author":2,"featured_media":85901,"comment_status":"closed","ping_status":"open","sticky":false,"template":"","format":"standard","meta":{"_lmt_disableupdate":"","_lmt_disable":"","_jetpack_memberships_contains_paid_content":false,"footnotes":""},"categories":[109,47],"tags":[4492],"class_list":["post-85900","post","type-post","status-publish","format-standard","has-post-thumbnail","hentry","category-minuto-a-minuto","category-zona-gris","tag-stephani-guardia-nacional-puebla"],"jetpack_featured_media_url":"https:\/\/zonaroja.com.mx\/wp-content\/uploads\/2025\/10\/Stephani-sufria-acoso-en-batallon-de-la-Guardia-Nacional-la-asesinan.webp","jetpack_sharing_enabled":true,"_links":{"self":[{"href":"https:\/\/zonaroja.com.mx\/index.php?rest_route=\/wp\/v2\/posts\/85900","targetHints":{"allow":["GET"]}}],"collection":[{"href":"https:\/\/zonaroja.com.mx\/index.php?rest_route=\/wp\/v2\/posts"}],"about":[{"href":"https:\/\/zonaroja.com.mx\/index.php?rest_route=\/wp\/v2\/types\/post"}],"author":[{"embeddable":true,"href":"https:\/\/zonaroja.com.mx\/index.php?rest_route=\/wp\/v2\/users\/2"}],"replies":[{"embeddable":true,"href":"https:\/\/zonaroja.com.mx\/index.php?rest_route=%2Fwp%2Fv2%2Fcomments&post=85900"}],"version-history":[{"count":1,"href":"https:\/\/zonaroja.com.mx\/index.php?rest_route=\/wp\/v2\/posts\/85900\/revisions"}],"predecessor-version":[{"id":85902,"href":"https:\/\/zonaroja.com.mx\/index.php?rest_route=\/wp\/v2\/posts\/85900\/revisions\/85902"}],"wp:featuredmedia":[{"embeddable":true,"href":"https:\/\/zonaroja.com.mx\/index.php?rest_route=\/wp\/v2\/media\/85901"}],"wp:attachment":[{"href":"https:\/\/zonaroja.com.mx\/index.php?rest_route=%2Fwp%2Fv2%2Fmedia&parent=85900"}],"wp:term":[{"taxonomy":"category","embeddable":true,"href":"https:\/\/zonaroja.com.mx\/index.php?rest_route=%2Fwp%2Fv2%2Fcategories&post=85900"},{"taxonomy":"post_tag","embeddable":true,"href":"https:\/\/zonaroja.com.mx\/index.php?rest_route=%2Fwp%2Fv2%2Ftags&post=85900"}],"curies":[{"name":"wp","href":"https:\/\/api.w.org\/{rel}","templated":true}]}}