{"id":85903,"date":"2025-10-17T19:57:49","date_gmt":"2025-10-18T01:57:49","guid":{"rendered":"https:\/\/zonaroja.com.mx\/?p=85903"},"modified":"2025-10-17T19:57:51","modified_gmt":"2025-10-18T01:57:51","slug":"protestas-de-la-s-22-del-caos-anunciado-para-la-capital-a-bloqueos-en-las-regiones","status":"publish","type":"post","link":"https:\/\/zonaroja.com.mx\/?p=85903","title":{"rendered":"Protestas de la S-22: del caos anunciado para la capital a bloqueos en las regiones"},"content":{"rendered":"\n<p>Lisbeth Mej\u00eda Reyes\/Zona Roja.<\/p>\n\n\n\n<p>Oaxaca, Oax., a 17 de octubre de 2025.- Aunque se esperaban mayores afectaciones para la capital oaxaque\u00f1a, el paro de la Secci\u00f3n 22 del Sindicato Nacional de Trabajadores de la Educaci\u00f3n (SNTE) se ampli\u00f3 este viernes hacia las regiones del estado, afectando a m\u00e1s municipios.<\/p>\n\n\n\n<p>Bloqueos carreteros, cierre de tiendas departamentales y \u201ctoma\u201d de casetas de peaje, han sido parte de la jornada de 24 horas, que se redujo a siete, como parte de la protesta nacional de la CNTE para exigir a la presidenta Claudia Sheinbaum que cumpla con su promesa de campa\u00f1a de derogar la Ley del ISSSTE del 2007 y la reforma educativa, entre otras demandas.<\/p>\n\n\n\n<p>Este viernes, las manifestaciones en la zona metropolitana de Oaxaca fueron con bloqueos en el acceso del aeropuerto internacional ubicado en Santa Cruz Xoxocotl\u00e1n, en el crucero a San Andr\u00e9s Huay\u00e1pam y con la \u201ctoma\u201d de plazas comerciales. En los valles centrales, se registr\u00f3 tambi\u00e9n la \u201ctoma\u201d de la caseta de cobro en Huizto, donde el magisterio ha dado paso libre a veh\u00edculos.<\/p>\n\n\n\n<p>\u00abEl objetivo es mantener la exigencia de la reinstalaci\u00f3n inmediata de la mesa nacional entre la Comisi\u00f3n Nacional \u00danica de Negociaci\u00f3n de la CNTE y el Gobierno Federal, as\u00ed como la reinstalaci\u00f3n de las mesas tripartitas en las entidades donde la Coordinadora mantiene presencia\u00bb, explic\u00f3 la Secci\u00f3n 22, tambi\u00e9n adherida a la Coordinadora Nacional de Trabajadores de la Educaci\u00f3n.<\/p>\n\n\n\n<p>Una de las regiones m\u00e1s afectadas es la del Istmo, con bloqueos en la entrada principal de la refiner\u00eda de Salina Cruz, en el puente El Caracol (Tehuantepec), en la IMECA (Juchit\u00e1n), en la autopista de Ciudad Ixtepec, en el Pozo de Agua de Mat\u00edas Romero y en la carretera internacional Ostuta, en Reforma de Pineda.<\/p>\n\n\n\n<p>En la Cuenca del Papaloapan, el magisterio ha bloqueado a la altura del puente Papaloapan y el puente El Caracol.<\/p>\n\n\n\n<p>En la Sierra de Flores Mag\u00f3n (antes Ca\u00f1ada), se ha mantenido el bloqueo carretero a la altura del CETIS No. 123, en la comunidad de Teotitl\u00e1n de Flores Mag\u00f3n.<\/p>\n\n\n\n<p>En la Costa, la Secci\u00f3n 22 ha reportado la toma de tiendas transnacionales en Pinotepa Nacional y en San Pedro Pochutla. Adem\u00e1s de mantener tomada la caseta de cobro de la s\u00faper carretera, a la altura de Ventanilla.<\/p>\n\n\n\n<p>En tanto, las y los trabajadores de la educaci\u00f3n de la regi\u00f3n Sierra de Ju\u00e1rez (Sectores: Ixtl\u00e1n , Villa Alta y Ayutla) mantienen un bloqueo en la planta de PEMEX (a la altura de Lachigol\u00f3).<\/p>\n\n\n\n<p>En la regi\u00f3n Mixteca, la base magisterial perteneciente al Movimiento Democr\u00e1tico de los Trabajadores de la Educaci\u00f3n de Oaxaca (MDTEO) ha tomado tiendas transnacionales en Putla Villa de Guerrero.<\/p>\n\n\n\n<p>INTENSAS PROTESTAS<\/p>\n\n\n\n<p>Hasta antes de esta jornada nacional, la ciudad de Oaxaca hab\u00eda concentrado las protestas de diversos sectores de la Secci\u00f3n 22 y de jubilados. El pasado lunes y martes fue por la protesta del nivel de Pueblos Ind\u00edgenas, que demanda el reconocimiento de la Direcci\u00f3n General de los Pueblos Originarios de Oaxaca (DGEPOO), creada en el 2019. Tambi\u00e9n para que garantice presupuesto y personal para las escuelas.&nbsp;<\/p>\n\n\n\n<p>Este viernes, se cumplieron tres semanas consecutivas de la manifestaci\u00f3n de supervisores y jefes de sector que exigen su recategorizaci\u00f3n y el pago de salarios pendientes.<\/p>\n\n\n\n<p>En tanto, ya son dos semanas de la protesta del Frente de Lucha de Jubilados 2015-2025, que demanda la restituci\u00f3n de su derecho a heredar sus plazas docentes. A est\u00e1s manifestaciones se suman las que emprendieron la semana pasada un grupo de personal de apoyo y asistencia a la educaci\u00f3n (PAAE) por un conflicto interno y de telesecundarias que demanda la asignaci\u00f3n de docentes.<\/p>\n","protected":false},"excerpt":{"rendered":"<p>Lisbeth Mej\u00eda Reyes\/Zona Roja. Oaxaca, Oax., a 17 de octubre de 2025.- Aunque se esperaban&hellip;<\/p>\n","protected":false},"author":2,"featured_media":85904,"comment_status":"closed","ping_status":"open","sticky":false,"template":"","format":"standard","meta":{"_lmt_disableupdate":"","_lmt_disable":"","_jetpack_memberships_contains_paid_content":false,"footnotes":""},"categories":[109,47],"tags":[312],"class_list":["post-85903","post","type-post","status-publish","format-standard","has-post-thumbnail","hentry","category-minuto-a-minuto","category-zona-gris","tag-seccion-22-del-snte"],"jetpack_featured_media_url":"https:\/\/zonaroja.com.mx\/wp-content\/uploads\/2025\/10\/Bloqueo-Pemex-El-Tule-Seccion-22-del-SNTE.jpg","jetpack_sharing_enabled":true,"_links":{"self":[{"href":"https:\/\/zonaroja.com.mx\/index.php?rest_route=\/wp\/v2\/posts\/85903","targetHints":{"allow":["GET"]}}],"collection":[{"href":"https:\/\/zonaroja.com.mx\/index.php?rest_route=\/wp\/v2\/posts"}],"about":[{"href":"https:\/\/zonaroja.com.mx\/index.php?rest_route=\/wp\/v2\/types\/post"}],"author":[{"embeddable":true,"href":"https:\/\/zonaroja.com.mx\/index.php?rest_route=\/wp\/v2\/users\/2"}],"replies":[{"embeddable":true,"href":"https:\/\/zonaroja.com.mx\/index.php?rest_route=%2Fwp%2Fv2%2Fcomments&post=85903"}],"version-history":[{"count":1,"href":"https:\/\/zonaroja.com.mx\/index.php?rest_route=\/wp\/v2\/posts\/85903\/revisions"}],"predecessor-version":[{"id":85905,"href":"https:\/\/zonaroja.com.mx\/index.php?rest_route=\/wp\/v2\/posts\/85903\/revisions\/85905"}],"wp:featuredmedia":[{"embeddable":true,"href":"https:\/\/zonaroja.com.mx\/index.php?rest_route=\/wp\/v2\/media\/85904"}],"wp:attachment":[{"href":"https:\/\/zonaroja.com.mx\/index.php?rest_route=%2Fwp%2Fv2%2Fmedia&parent=85903"}],"wp:term":[{"taxonomy":"category","embeddable":true,"href":"https:\/\/zonaroja.com.mx\/index.php?rest_route=%2Fwp%2Fv2%2Fcategories&post=85903"},{"taxonomy":"post_tag","embeddable":true,"href":"https:\/\/zonaroja.com.mx\/index.php?rest_route=%2Fwp%2Fv2%2Ftags&post=85903"}],"curies":[{"name":"wp","href":"https:\/\/api.w.org\/{rel}","templated":true}]}}