{"id":85906,"date":"2025-10-17T20:46:45","date_gmt":"2025-10-18T02:46:45","guid":{"rendered":"https:\/\/zonaroja.com.mx\/?p=85906"},"modified":"2025-10-17T20:46:48","modified_gmt":"2025-10-18T02:46:48","slug":"impulsa-dif-de-oaxaca-de-juarez-jornada-de-prevencion-del-cancer","status":"publish","type":"post","link":"https:\/\/zonaroja.com.mx\/?p=85906","title":{"rendered":"Impulsa DIF de Oaxaca de Ju\u00e1rez jornada de prevenci\u00f3n del c\u00e1ncer"},"content":{"rendered":"\n<p>Redacci\u00f3n\/Zona Roja.<\/p>\n\n\n\n<p>Oaxaca, Oax., a 17 de octubre de 2025.\u2013 En el marco del Mes de la Concientizaci\u00f3n sobre el C\u00e1ncer de Mama, el Sistema DIF de Oaxaca de Ju\u00e1rez realiz\u00f3 una emotiva jornada dedicada a fortalecer la cultura de la prevenci\u00f3n, la detecci\u00f3n temprana y el acompa\u00f1amiento integral a las mujeres que enfrentan esta enfermedad.<\/p>\n\n\n\n<p>Desde el segundo patio del Palacio Municipal, la presidenta del DIF Municipal, Gabriela Garc\u00eda Fern\u00e1ndez del Campo, encabez\u00f3 el encuentro que reuni\u00f3 a m\u00e1s de 200 personas entre ciudadanas, ciudadanos y asociaciones civiles.&nbsp;<\/p>\n\n\n\n<p>En su mensaje, resalt\u00f3 la importancia de fomentar la autoexploraci\u00f3n y el cuidado de la salud como acciones que salvan vidas, reiterando que \u201cel amor propio tambi\u00e9n es prevenci\u00f3n\u201d.<\/p>\n\n\n\n<p>Durante la jornada se presentaron las ponencias \u201cLa importancia de la rehabilitaci\u00f3n f\u00edsica en el tratamiento del c\u00e1ncer de mama\u201d, a cargo de Giovani L\u00f3pez Giles, y \u201cM\u00e1s fuerte que el miedo\u201d, impartida por Sixto Garc\u00eda Casta\u00f1\u00f3n, presidente de Coraz\u00f3n Rosa A.C., quienes compartieron testimonios y estrategias para enfrentar con esperanza los retos f\u00edsicos y emocionales del tratamiento.<\/p>\n\n\n\n<p>Como parte del evento, se entregaron reconocimientos a las y los participantes, as\u00ed como kits para reci\u00e9n nacidos, reafirmando el compromiso del DIF Municipal con el bienestar de las familias oaxaque\u00f1as.<\/p>\n\n\n\n<p>El gobierno municipal de Oaxaca de Ju\u00e1rez, que encabeza el presidente Ray Chagoya, refrenda su compromiso con la salud de las mujeres, promoviendo pol\u00edticas p\u00fablicas que prioricen la prevenci\u00f3n, el acompa\u00f1amiento y la solidaridad, porque cada acci\u00f3n cuenta y cada vida importa.<\/p>\n","protected":false},"excerpt":{"rendered":"<p>Redacci\u00f3n\/Zona Roja. Oaxaca, Oax., a 17 de octubre de 2025.\u2013 En el marco del Mes&hellip;<\/p>\n","protected":false},"author":2,"featured_media":85907,"comment_status":"closed","ping_status":"open","sticky":false,"template":"","format":"standard","meta":{"_lmt_disableupdate":"","_lmt_disable":"","_jetpack_memberships_contains_paid_content":false,"footnotes":""},"categories":[109,46],"tags":[148],"class_list":["post-85906","post","type-post","status-publish","format-standard","has-post-thumbnail","hentry","category-minuto-a-minuto","category-zona-blanca","tag-oaxaca-de-juarez"],"jetpack_featured_media_url":"https:\/\/zonaroja.com.mx\/wp-content\/uploads\/2025\/10\/DIf-Municipal-Oaxaca-de-Juarez.jpeg","jetpack_sharing_enabled":true,"_links":{"self":[{"href":"https:\/\/zonaroja.com.mx\/index.php?rest_route=\/wp\/v2\/posts\/85906","targetHints":{"allow":["GET"]}}],"collection":[{"href":"https:\/\/zonaroja.com.mx\/index.php?rest_route=\/wp\/v2\/posts"}],"about":[{"href":"https:\/\/zonaroja.com.mx\/index.php?rest_route=\/wp\/v2\/types\/post"}],"author":[{"embeddable":true,"href":"https:\/\/zonaroja.com.mx\/index.php?rest_route=\/wp\/v2\/users\/2"}],"replies":[{"embeddable":true,"href":"https:\/\/zonaroja.com.mx\/index.php?rest_route=%2Fwp%2Fv2%2Fcomments&post=85906"}],"version-history":[{"count":1,"href":"https:\/\/zonaroja.com.mx\/index.php?rest_route=\/wp\/v2\/posts\/85906\/revisions"}],"predecessor-version":[{"id":85908,"href":"https:\/\/zonaroja.com.mx\/index.php?rest_route=\/wp\/v2\/posts\/85906\/revisions\/85908"}],"wp:featuredmedia":[{"embeddable":true,"href":"https:\/\/zonaroja.com.mx\/index.php?rest_route=\/wp\/v2\/media\/85907"}],"wp:attachment":[{"href":"https:\/\/zonaroja.com.mx\/index.php?rest_route=%2Fwp%2Fv2%2Fmedia&parent=85906"}],"wp:term":[{"taxonomy":"category","embeddable":true,"href":"https:\/\/zonaroja.com.mx\/index.php?rest_route=%2Fwp%2Fv2%2Fcategories&post=85906"},{"taxonomy":"post_tag","embeddable":true,"href":"https:\/\/zonaroja.com.mx\/index.php?rest_route=%2Fwp%2Fv2%2Ftags&post=85906"}],"curies":[{"name":"wp","href":"https:\/\/api.w.org\/{rel}","templated":true}]}}