{"id":8591,"date":"2020-02-09T16:15:15","date_gmt":"2020-02-09T22:15:15","guid":{"rendered":"http:\/\/www.zonaroja.com.mx\/?p=8591"},"modified":"2020-02-09T16:15:17","modified_gmt":"2020-02-09T22:15:18","slug":"pedro-lezama-y-el-milagro-de-la-vida-cuando-ya-todos-lo-habian-deshauciado","status":"publish","type":"post","link":"https:\/\/zonaroja.com.mx\/?p=8591","title":{"rendered":"Pedro Lezama y el milagro de la vida: cuando ya todos lo hab\u00edan deshauciado"},"content":{"rendered":"\n<p>Redacci\u00f3n\/Zona Roja Cdmx.<\/p>\n\n\n\n<p>Ciudad de M\u00e9xico, 9 de febrero de 2020.-\nContra todos los pron\u00f3sticos m\u00e9dicos, Pedro Lezama se recupera. El joven\nbecario originario de San Juan Bautista Tuxtepec es, literalmente, un milagro.<\/p>\n\n\n\n<p>El 19 de noviembre pasado, el cuerpo de\nPedro Alberto Lezama Hern\u00e1ndez, de 24 a\u00f1os de edad, qued\u00f3 prensado entre las\nl\u00e1minas que transportaba un cami\u00f3n de volteo, detalla hoy el diario \u201cMilenio\u201d. <\/p>\n\n\n\n<p>El percance ocurri\u00f3 cuando realizaba\ntrabajos como becario del programa \u201cJ\u00f3venes Construyendo el Futuro\u201d en el\nayuntamiento de Tuxtepec, Oaxaca. <\/p>\n\n\n\n<p>\u201cLos mandaron a repartir unas l\u00e1minas\nde un programa de vivienda que se est\u00e1n entregando en las diferentes\ncomunidades como apoyo a las personas de escasos recursos\u201d, recuerda Alejandro\nLezama, padre de Pedro. <\/p>\n\n\n\n<p>Tras ello, los m\u00e9dicos lo desahuciaron,\npero Pedro desafi\u00f3 todo pron\u00f3stico y se recupera del grave da\u00f1o causado a su\nintestino y otros \u00f3rganos. <\/p>\n\n\n\n<p>El joven ya est\u00e1 caminando, aunque a\u00fan\nno puede alimentarse de manera regular, sino por v\u00eda intravenosa. La\nrecuperaci\u00f3n del licenciado en pedagog\u00eda, que hasta antes del accidente\nestudiaba una maestr\u00eda en administraci\u00f3n educativa, tardar\u00e1 dos a\u00f1os, detalla\nla publicaci\u00f3n de \u201cMilenio\u201d. <\/p>\n\n\n\n<p>Por eso, a la familia Lezama le\npreocupa que el Instituto Mexicano del Seguro Social (IMSS) se haga cargo de\ntodo el proceso de recuperaci\u00f3n, porque en unos meses se le acaba a Pedro la\nafiliaci\u00f3n que obtuvo por ser becario. <\/p>\n\n\n\n<p>No quieren que el joven quede\ndesprotegido para el resto de su recuperaci\u00f3n, pero por ahora est\u00e1n felices con\nlos avances y festejan la nueva vida de Pedro. <\/p>\n\n\n\n<p>OTRA CIRUG\u00cdA <\/p>\n\n\n\n<p>\u201cEn estos momentos ya est\u00e1 fuera de\npeligro. Aproximadamente en un proceso de dos o cuatro meses ser\u00e1 sometido de\nnuevo a la cirug\u00eda para la reconexi\u00f3n del intestino delgado\u201d, dice el se\u00f1or\nLezama. <\/p>\n\n\n\n<p>El programa \u201cJ\u00f3venes Construyendo el\nFuturo\u201d oper\u00f3 en 2019 en 98 por ciento de los municipios del pa\u00eds con un mill\u00f3n\n62 mil 284 j\u00f3venes que reciben tres mil 600 pesos mensuales por laborar en 166\nmil 39 centros de trabajo. <\/p>\n\n\n\n<p>En ese a\u00f1o, dos mil 435 empleadores\nfueron suspendidos por presentar diversas irregularidades. <\/p>\n\n\n\n<p>Una de estas es la que tiene a Pedro en\nun largo proceso de recuperaci\u00f3n. \u201cLo que hace falta es la supervisi\u00f3n, que los\nj\u00f3venes que est\u00e9n inscritos en ese programa realmente est\u00e9n realizando labores\no servicios o asesor\u00edas en donde no pongan en riesgo su integridad f\u00edsica, su vida\u201d,\ndice el padre de Pedro, quien desde el accidente no se ha despegado de su hijo.\n<\/p>\n\n\n\n<p>La familia est\u00e1 recibiendo apoyo para\nrentar un sitio donde dormir y acompa\u00f1ar a Pedro en su estancia en la Ciudad de\nM\u00e9xico, expone el diario \u201cMilenio\u201d.<\/p>\n","protected":false},"excerpt":{"rendered":"<p>Redacci\u00f3n\/Zona Roja Cdmx. Ciudad de M\u00e9xico, 9 de febrero de 2020.- Contra todos los pron\u00f3sticos&hellip;<\/p>\n","protected":false},"author":2,"featured_media":7241,"comment_status":"closed","ping_status":"open","sticky":false,"template":"","format":"standard","meta":{"_lmt_disableupdate":"","_lmt_disable":"","_jetpack_memberships_contains_paid_content":false,"footnotes":""},"categories":[109,46],"tags":[1064],"class_list":["post-8591","post","type-post","status-publish","format-standard","has-post-thumbnail","hentry","category-minuto-a-minuto","category-zona-blanca","tag-pedro-alberto-lezama-hernandez"],"jetpack_featured_media_url":"https:\/\/zonaroja.com.mx\/wp-content\/uploads\/2020\/01\/Pedro-Lezama.jpg","jetpack_sharing_enabled":true,"_links":{"self":[{"href":"https:\/\/zonaroja.com.mx\/index.php?rest_route=\/wp\/v2\/posts\/8591","targetHints":{"allow":["GET"]}}],"collection":[{"href":"https:\/\/zonaroja.com.mx\/index.php?rest_route=\/wp\/v2\/posts"}],"about":[{"href":"https:\/\/zonaroja.com.mx\/index.php?rest_route=\/wp\/v2\/types\/post"}],"author":[{"embeddable":true,"href":"https:\/\/zonaroja.com.mx\/index.php?rest_route=\/wp\/v2\/users\/2"}],"replies":[{"embeddable":true,"href":"https:\/\/zonaroja.com.mx\/index.php?rest_route=%2Fwp%2Fv2%2Fcomments&post=8591"}],"version-history":[{"count":1,"href":"https:\/\/zonaroja.com.mx\/index.php?rest_route=\/wp\/v2\/posts\/8591\/revisions"}],"predecessor-version":[{"id":8592,"href":"https:\/\/zonaroja.com.mx\/index.php?rest_route=\/wp\/v2\/posts\/8591\/revisions\/8592"}],"wp:featuredmedia":[{"embeddable":true,"href":"https:\/\/zonaroja.com.mx\/index.php?rest_route=\/wp\/v2\/media\/7241"}],"wp:attachment":[{"href":"https:\/\/zonaroja.com.mx\/index.php?rest_route=%2Fwp%2Fv2%2Fmedia&parent=8591"}],"wp:term":[{"taxonomy":"category","embeddable":true,"href":"https:\/\/zonaroja.com.mx\/index.php?rest_route=%2Fwp%2Fv2%2Fcategories&post=8591"},{"taxonomy":"post_tag","embeddable":true,"href":"https:\/\/zonaroja.com.mx\/index.php?rest_route=%2Fwp%2Fv2%2Ftags&post=8591"}],"curies":[{"name":"wp","href":"https:\/\/api.w.org\/{rel}","templated":true}]}}