{"id":85912,"date":"2025-10-17T21:49:59","date_gmt":"2025-10-18T03:49:59","guid":{"rendered":"https:\/\/zonaroja.com.mx\/?p=85912"},"modified":"2025-10-17T21:49:59","modified_gmt":"2025-10-18T03:49:59","slug":"investigan-el-asesinato-de-dos-personas-en-la-region-de-la-costa","status":"publish","type":"post","link":"https:\/\/zonaroja.com.mx\/?p=85912","title":{"rendered":"Investigan el asesinato de dos personas en la regi\u00f3n de la Costa"},"content":{"rendered":"\n<p>Raymundo Morales\/Zona Roja.<\/p>\n\n\n\n<p>Oaxaca, Oax., a 17 de octubre de 2025.- A trav\u00e9s de la Vicefiscal\u00eda Regional de la Costa, la Fiscal\u00eda General del Estado de Oaxaca investiga un doble asesinato ocurrido ayer por la ma\u00f1ana en la regi\u00f3n Costa.<\/p>\n\n\n\n<p>Los cuerpos, con m\u00faltiples impactos de bala y huellas de tortura, fueron localizados en la agencia de Puertecito, perteneciente al municipio de Santa Mar\u00eda Colotepec.<\/p>\n\n\n\n<p>De acuerdo con las primeras indagatorias, en el sitio hab\u00eda m\u00e1s de 20 casquillos percutidos de arma de grueso calibre.<\/p>\n\n\n\n<p>Asimismo, fue localizada una cartulina con mensaje amenazante: \u201ceso les pas\u00f3 por robar cajeros\u201d; hasta el momento no hay mayores datos de la identidad de las v\u00edctimas y se presume que fue un ajuste de cuentas entre grupos delictivos de la regi\u00f3n.<\/p>\n\n\n\n<p>La Fiscal\u00eda General contin\u00faa con las investigaciones, con la finalidad de dar con el paradero de los criminales a fin de llevarlos ante la justicia.<\/p>\n","protected":false},"excerpt":{"rendered":"<p>Raymundo Morales\/Zona Roja. Oaxaca, Oax., a 17 de octubre de 2025.- A trav\u00e9s de la&hellip;<\/p>\n","protected":false},"author":2,"featured_media":85627,"comment_status":"closed","ping_status":"open","sticky":false,"template":"","format":"standard","meta":{"_lmt_disableupdate":"","_lmt_disable":"","_jetpack_memberships_contains_paid_content":false,"footnotes":""},"categories":[109,51],"tags":[980],"class_list":["post-85912","post","type-post","status-publish","format-standard","has-post-thumbnail","hentry","category-minuto-a-minuto","category-zona-roja","tag-santa-maria-colotepec"],"jetpack_featured_media_url":"https:\/\/zonaroja.com.mx\/wp-content\/uploads\/2025\/10\/Escena-del-crimen-seguridad.jpg","jetpack_sharing_enabled":true,"_links":{"self":[{"href":"https:\/\/zonaroja.com.mx\/index.php?rest_route=\/wp\/v2\/posts\/85912","targetHints":{"allow":["GET"]}}],"collection":[{"href":"https:\/\/zonaroja.com.mx\/index.php?rest_route=\/wp\/v2\/posts"}],"about":[{"href":"https:\/\/zonaroja.com.mx\/index.php?rest_route=\/wp\/v2\/types\/post"}],"author":[{"embeddable":true,"href":"https:\/\/zonaroja.com.mx\/index.php?rest_route=\/wp\/v2\/users\/2"}],"replies":[{"embeddable":true,"href":"https:\/\/zonaroja.com.mx\/index.php?rest_route=%2Fwp%2Fv2%2Fcomments&post=85912"}],"version-history":[{"count":1,"href":"https:\/\/zonaroja.com.mx\/index.php?rest_route=\/wp\/v2\/posts\/85912\/revisions"}],"predecessor-version":[{"id":85913,"href":"https:\/\/zonaroja.com.mx\/index.php?rest_route=\/wp\/v2\/posts\/85912\/revisions\/85913"}],"wp:featuredmedia":[{"embeddable":true,"href":"https:\/\/zonaroja.com.mx\/index.php?rest_route=\/wp\/v2\/media\/85627"}],"wp:attachment":[{"href":"https:\/\/zonaroja.com.mx\/index.php?rest_route=%2Fwp%2Fv2%2Fmedia&parent=85912"}],"wp:term":[{"taxonomy":"category","embeddable":true,"href":"https:\/\/zonaroja.com.mx\/index.php?rest_route=%2Fwp%2Fv2%2Fcategories&post=85912"},{"taxonomy":"post_tag","embeddable":true,"href":"https:\/\/zonaroja.com.mx\/index.php?rest_route=%2Fwp%2Fv2%2Ftags&post=85912"}],"curies":[{"name":"wp","href":"https:\/\/api.w.org\/{rel}","templated":true}]}}