{"id":85919,"date":"2025-10-18T09:45:00","date_gmt":"2025-10-18T15:45:00","guid":{"rendered":"https:\/\/zonaroja.com.mx\/?p=85919"},"modified":"2025-10-18T07:09:32","modified_gmt":"2025-10-18T13:09:32","slug":"fortalecen-infraestructura-vial-en-xoxocotlan-con-segunda-fase-de-tache-al-bache","status":"publish","type":"post","link":"https:\/\/zonaroja.com.mx\/?p=85919","title":{"rendered":"Fortalecen infraestructura vial en Xoxocotl\u00e1n con segunda fase de \u201cTache al Bache\u201d"},"content":{"rendered":"\n<p>Redacci\u00f3n\/Zona Roja.<\/p>\n\n\n\n<p>Oaxaca, Oax., a 18 de octubre de 2025.\u2013 Familias y cientos de automovilistas de Santa Cruz Xoxocotl\u00e1n y municipios aleda\u00f1os ser\u00e1n beneficiados con la segunda etapa del programa de Bacheo y Reencarpetamiento \u201cTache al Bache\u201d, impulsado por la Secretar\u00eda de Infraestructuras y Comunicaciones del Gobierno del Estado de Oaxaca, en coordinaci\u00f3n con el ayuntamiento que encabeza la presidenta municipal, Nancy Ben\u00edtez Z\u00e1rate.<\/p>\n\n\n\n<p>Tras el anuncio realizado por el gobernador Salom\u00f3n Jara Cruz en conferencia de prensa, la edil xoxe\u00f1a reconoci\u00f3 el respaldo del mandatario estatal para fortalecer la infraestructura vial del municipio y, con ello, mejorar la calidad de vida de las familias xoxe\u00f1as.<\/p>\n\n\n\n<p>Nancy Ben\u00edtez destac\u00f3 que este programa, que dio inicio el 15 de octubre, representa un esfuerzo conjunto para optimizar la movilidad y las condiciones viales de Xoxocotl\u00e1n, mediante la atenci\u00f3n a tramos estrat\u00e9gicos como el que va de la rotonda Benito Ju\u00e1rez de Xoxocotl\u00e1n al CRIT, con una extensi\u00f3n de m\u00e1s de 5 kil\u00f3metros, considerada una ruta clave para el tr\u00e1nsito diario de la poblaci\u00f3n.<\/p>\n\n\n\n<p>En esta segunda etapa del programa \u201cTache al Bache\u201d, se intervendr\u00e1n 100 kil\u00f3metros de vialidades, con una inversi\u00f3n de 130 millones de pesos, en beneficio de los municipios de la zona conurbada de la capital, entre ellos Santa Cruz Xoxocotl\u00e1n.<\/p>\n","protected":false},"excerpt":{"rendered":"<p>Redacci\u00f3n\/Zona Roja. Oaxaca, Oax., a 18 de octubre de 2025.\u2013 Familias y cientos de automovilistas&hellip;<\/p>\n","protected":false},"author":2,"featured_media":85920,"comment_status":"closed","ping_status":"open","sticky":false,"template":"","format":"standard","meta":{"_lmt_disableupdate":"","_lmt_disable":"","_jetpack_memberships_contains_paid_content":false,"footnotes":""},"categories":[109,46],"tags":[133],"class_list":["post-85919","post","type-post","status-publish","format-standard","has-post-thumbnail","hentry","category-minuto-a-minuto","category-zona-blanca","tag-santa-cruz-xoxocotlan"],"jetpack_featured_media_url":"https:\/\/zonaroja.com.mx\/wp-content\/uploads\/2025\/10\/Xoxocotlan-fortalece-infraestructura-vial-con-segunda-etapa-del-programa-Tache-al-Bache-3.jpeg","jetpack_sharing_enabled":true,"_links":{"self":[{"href":"https:\/\/zonaroja.com.mx\/index.php?rest_route=\/wp\/v2\/posts\/85919","targetHints":{"allow":["GET"]}}],"collection":[{"href":"https:\/\/zonaroja.com.mx\/index.php?rest_route=\/wp\/v2\/posts"}],"about":[{"href":"https:\/\/zonaroja.com.mx\/index.php?rest_route=\/wp\/v2\/types\/post"}],"author":[{"embeddable":true,"href":"https:\/\/zonaroja.com.mx\/index.php?rest_route=\/wp\/v2\/users\/2"}],"replies":[{"embeddable":true,"href":"https:\/\/zonaroja.com.mx\/index.php?rest_route=%2Fwp%2Fv2%2Fcomments&post=85919"}],"version-history":[{"count":1,"href":"https:\/\/zonaroja.com.mx\/index.php?rest_route=\/wp\/v2\/posts\/85919\/revisions"}],"predecessor-version":[{"id":85921,"href":"https:\/\/zonaroja.com.mx\/index.php?rest_route=\/wp\/v2\/posts\/85919\/revisions\/85921"}],"wp:featuredmedia":[{"embeddable":true,"href":"https:\/\/zonaroja.com.mx\/index.php?rest_route=\/wp\/v2\/media\/85920"}],"wp:attachment":[{"href":"https:\/\/zonaroja.com.mx\/index.php?rest_route=%2Fwp%2Fv2%2Fmedia&parent=85919"}],"wp:term":[{"taxonomy":"category","embeddable":true,"href":"https:\/\/zonaroja.com.mx\/index.php?rest_route=%2Fwp%2Fv2%2Fcategories&post=85919"},{"taxonomy":"post_tag","embeddable":true,"href":"https:\/\/zonaroja.com.mx\/index.php?rest_route=%2Fwp%2Fv2%2Ftags&post=85919"}],"curies":[{"name":"wp","href":"https:\/\/api.w.org\/{rel}","templated":true}]}}