{"id":85925,"date":"2025-10-18T11:45:00","date_gmt":"2025-10-18T17:45:00","guid":{"rendered":"https:\/\/zonaroja.com.mx\/?p=85925"},"modified":"2025-10-18T07:21:32","modified_gmt":"2025-10-18T13:21:32","slug":"senala-consorcio-desatencion-a-feminicidios-y-alerta-de-genero","status":"publish","type":"post","link":"https:\/\/zonaroja.com.mx\/?p=85925","title":{"rendered":"Se\u00f1ala Consorcio desatenci\u00f3n a feminicidios y Alerta de G\u00e9nero"},"content":{"rendered":"\n<p>Lisbeth Mej\u00eda Reyes\/Zona Roja.<\/p>\n\n\n\n<p>Oaxaca, Oax., a 18 de octubre de 2025.- A ra\u00edz del reciente asesinato de una docente del Colegio de Bachilleres del Estado de Oaxaca (Cobao), plantel Putla Villa de Guerrero, la organizaci\u00f3n Consorcio para el Di\u00e1logo Parlamentario y la Equidad lament\u00f3 que los gobiernos desatiendan los feminicidios y, en cambio traten de minimizar las cifras o que no se atienda la Alerta de Violencia de G\u00e9nero contra las Mujeres (AVGM).<\/p>\n\n\n\n<p>Y\u00e9sica S\u00e1nchez Maya, integrante de la direcci\u00f3n colegiada de Consorcio, expuso que en esta administraci\u00f3n estatal de Morena se mantienen pr\u00e1cticas del gobierno que le antecedi\u00f3 y que encabez\u00f3 el ex pri\u00edsta Alejandro Murat (ahora senador por Morena).&nbsp;<\/p>\n\n\n\n<p>\u00abNi siquiera han terminado tres a\u00f1os para que Salom\u00f3n (Jara) ocupara la misma estrategia de decir: son homicidios o suicidios, pero feminicidios no tenemos\u00bb.<\/p>\n\n\n\n<p>Reducir las cifras de feminicidios para no reconocerlos como tal es contraproducente, se\u00f1al\u00f3 la activista, pues con ello se disminuyen los recursos de la Federaci\u00f3n para la Alerta de Violencia de G\u00e9nero contra las Mujeres, como sucedi\u00f3 cuando estuvo como fiscal general Rub\u00e9n Vasconcelos M\u00e9ndez.<\/p>\n\n\n\n<p>\u00abEl problema no solo es que le bajen el presupuesto sino el impacto en la vida y seguridad de las mujeres\u00bb, expres\u00f3 Maya, quien adem\u00e1s observ\u00f3 que desde la Fiscal\u00eda General del Estado de Oaxaca tambi\u00e9n se ha manejado un discurso de criminalizaci\u00f3n de las mujeres y sus asesinatos para deslindarse de la responsabilidad de investigar.<\/p>\n\n\n\n<p>VAN 7O MUERTES<\/p>\n\n\n\n<p>La tarde del mi\u00e9rcoles 15 de octubre, la profesora Fabiola fue asesinada en un ataque armado frente al Cobao de Putla, en la regi\u00f3n Mixteca de Oaxaca.<\/p>\n\n\n\n<p>Con ella son 70 las mujeres asesinadas del 1 de enero al 16 de octubre de 2025, de acuerdo con el monitoreo de la violencia feminicida del Grupo de Estudios sobre la Mujer Rosario Castellanos (GES Mujer).<\/p>\n\n\n\n<p>En lo que va de la administraci\u00f3n actual, se han registrado a la fecha 274 muertes violentas de mujeres, detalla la organizaci\u00f3n, que tambi\u00e9n conden\u00f3 \u00abel brutal feminicidio\u00bb de Fabiola.<\/p>\n\n\n\n<p>\u00abEste es un acto que ejemplifica la mayor expresi\u00f3n de violencia de g\u00e9nero, ejecutado frente a las instalaciones del centro educativo, donde el cuerpo estudiantil presenci\u00f3 los hechos\u00bb, extern\u00f3 la asociaci\u00f3n, al tiempo de exigir al Estado \u00abpriorizar la atenci\u00f3n en la b\u00fasqueda de justicia al caso de Fabiola, con perspectiva de g\u00e9nero y derechos humanos, as\u00ed como atenci\u00f3n integral a las y los estudiantes\u00bb.<\/p>\n\n\n\n<p>ALERTA DE G\u00c9NERO<\/p>\n\n\n\n<p>En el estado de Oaxaca, la Federaci\u00f3n declar\u00f3 la Alerta de Violencia de G\u00e9nero en agosto de 2018.&nbsp;<\/p>\n\n\n\n<p>A siete a\u00f1os de la declaratoria, que abarca 40 municipios (ninguno de ellos, Putla), Y\u00e9sica S\u00e1nchez Maya consider\u00f3 que la administraci\u00f3n de Alejandro Murat (2016-2022) la tom\u00f3 como simulaci\u00f3n, pero no como acciones r\u00e1pidas y efectivas para frenar los feminicidios.<\/p>\n\n\n\n<p>\u00abLa Alerta de G\u00e9nero no es algo que tuvo que haber llegado para quedarse, era como una alerta de da\u00f1os por lluvias o temblor, que en tres d\u00edas o cuatro empiezas a hacer acciones r\u00e1pidas que permitan reestructurar, acomodar, sancionar. Eran acciones que ten\u00edan que haber sido ejecutadas, talvez, a m\u00e1s tardar en un a\u00f1o&#8230; Se tergivers\u00f3 por parte de Murat y este gobierno sigue haciendo un uso facciosso de la alerta\u00bb.<\/p>\n\n\n\n<p>Ha faltado contundencia para acabar con la violencia en contra de las mujeres, subray\u00f3 Y\u00e9sica. \u00abEl resultado, tristemente, es que las mujeres siguen siendo golpeadas, desaparecidas, asesinadas y no solamente el hecho tr\u00e1fico sino que muchas de estas cosas est\u00e1n en la impunidad\u201d.<\/p>\n","protected":false},"excerpt":{"rendered":"<p>Lisbeth Mej\u00eda Reyes\/Zona Roja. Oaxaca, Oax., a 18 de octubre de 2025.- A ra\u00edz del&hellip;<\/p>\n","protected":false},"author":2,"featured_media":73545,"comment_status":"closed","ping_status":"open","sticky":false,"template":"","format":"standard","meta":{"_lmt_disableupdate":"","_lmt_disable":"","_jetpack_memberships_contains_paid_content":false,"footnotes":""},"categories":[109,47],"tags":[610],"class_list":["post-85925","post","type-post","status-publish","format-standard","has-post-thumbnail","hentry","category-minuto-a-minuto","category-zona-gris","tag-feminicidios-oaxaca"],"jetpack_featured_media_url":"https:\/\/zonaroja.com.mx\/wp-content\/uploads\/2024\/10\/Violencia-mujeres-feminicidio.jpg","jetpack_sharing_enabled":true,"_links":{"self":[{"href":"https:\/\/zonaroja.com.mx\/index.php?rest_route=\/wp\/v2\/posts\/85925","targetHints":{"allow":["GET"]}}],"collection":[{"href":"https:\/\/zonaroja.com.mx\/index.php?rest_route=\/wp\/v2\/posts"}],"about":[{"href":"https:\/\/zonaroja.com.mx\/index.php?rest_route=\/wp\/v2\/types\/post"}],"author":[{"embeddable":true,"href":"https:\/\/zonaroja.com.mx\/index.php?rest_route=\/wp\/v2\/users\/2"}],"replies":[{"embeddable":true,"href":"https:\/\/zonaroja.com.mx\/index.php?rest_route=%2Fwp%2Fv2%2Fcomments&post=85925"}],"version-history":[{"count":1,"href":"https:\/\/zonaroja.com.mx\/index.php?rest_route=\/wp\/v2\/posts\/85925\/revisions"}],"predecessor-version":[{"id":85926,"href":"https:\/\/zonaroja.com.mx\/index.php?rest_route=\/wp\/v2\/posts\/85925\/revisions\/85926"}],"wp:featuredmedia":[{"embeddable":true,"href":"https:\/\/zonaroja.com.mx\/index.php?rest_route=\/wp\/v2\/media\/73545"}],"wp:attachment":[{"href":"https:\/\/zonaroja.com.mx\/index.php?rest_route=%2Fwp%2Fv2%2Fmedia&parent=85925"}],"wp:term":[{"taxonomy":"category","embeddable":true,"href":"https:\/\/zonaroja.com.mx\/index.php?rest_route=%2Fwp%2Fv2%2Fcategories&post=85925"},{"taxonomy":"post_tag","embeddable":true,"href":"https:\/\/zonaroja.com.mx\/index.php?rest_route=%2Fwp%2Fv2%2Ftags&post=85925"}],"curies":[{"name":"wp","href":"https:\/\/api.w.org\/{rel}","templated":true}]}}