{"id":85927,"date":"2025-10-18T12:00:00","date_gmt":"2025-10-18T18:00:00","guid":{"rendered":"https:\/\/zonaroja.com.mx\/?p=85927"},"modified":"2025-10-18T07:41:26","modified_gmt":"2025-10-18T13:41:26","slug":"detiene-fiscalia-a-sujeto-por-tentativa-de-feminicidio-derivado-de-celos","status":"publish","type":"post","link":"https:\/\/zonaroja.com.mx\/?p=85927","title":{"rendered":"Detiene Fiscal\u00eda a sujeto por tentativa de feminicidio derivado de celos"},"content":{"rendered":"\n<p>Redacci\u00f3n\/Zona Roja.&nbsp;<\/p>\n\n\n\n<p>Oaxaca, Oax., a 18 de octubre de 2025.- La Fiscal\u00eda General del Estado de Oaxaca (FGEO) ejecut\u00f3 una orden de aprehensi\u00f3n en contra de una persona del sexo masculino identificado como W.V.J., por el delito de feminicidio en grado de tentativa, ocurrido en la regi\u00f3n del Istmo.<\/p>\n\n\n\n<p>Los hechos sucedieron el 18 de agosto de 2025, cuando la v\u00edctima -identificada como E.S.C.,- &nbsp;se encontraba en el interior de un domicilio ubicado en el municipio de Juchit\u00e1n de Zaragoza, donde lleg\u00f3 el agresor y de manera violenta increp\u00f3 a la mujer a quien atac\u00f3 f\u00edsicamente infligiendo lesiones que pusieron en peligro su vida.<\/p>\n\n\n\n<p>Al tener conocimiento del caso, la FGEO inici\u00f3 las indagatorias con perspectiva de g\u00e9nero a trav\u00e9s de la Vicefiscal\u00eda Regional del Istmo, logrando obtener una orden de aprehensi\u00f3n en contra de W.V.J., por el delito de feminicidio en grado de tentativa.<\/p>\n\n\n\n<p>Una vez localizado, W.V.J., fue detenido por Agentes Estatales de Investigaci\u00f3n (AEI) y puesto a disposici\u00f3n de la autoridad ministerial correspondiente para determinar su situaci\u00f3n jur\u00eddica.<\/p>\n\n\n\n<p>CATEO EN HUATULCO<\/p>\n\n\n\n<p>En otro caso y como resultado de los trabajos coordinados de inteligencia criminal y en operativos focalizados contra la venta de sustancias il\u00edcitas, la Fiscal\u00eda General detuvo en diferentes casos, en la regi\u00f3n de la Costa, a dos personas del sexo masculino por delitos contra la salud.<\/p>\n\n\n\n<p>En el primer caso, Agentes Estatales de Investigaci\u00f3n (AEI) junto con la Secretar\u00eda de la Defensa Nacional (Defensa) Secretar\u00eda de Marina, Guardia Nacional, Polic\u00eda Estatal y Polic\u00eda Vial, dieron cumplimiento a una orden de aprehensi\u00f3n en contra de M.A.H.F., por el delito contra la salud en agravio de la sociedad.<\/p>\n\n\n\n<p>De acuerdo con la investigaci\u00f3n del caso, el hoy detenido en el mes de abril de 2025, fue puesto a disposici\u00f3n de la autoridad judicial por posesi\u00f3n de marihuana, pero el juez de la causa le otorg\u00f3 libertad condicional, y \u00e9ste al dejar de cumplir con el beneficio le fue librada la orden de aprehensi\u00f3n, siendo detenido en la calle principal de la comunidad de Rancho Nuevo, perteneciente al municipio de Santiago Llano Grande en Jamiltepec.<\/p>\n\n\n\n<p>La segunda detenci\u00f3n se realiz\u00f3 en contra de U.F.H., en inmediaciones de un bar ubicado en la calle Pochote de La Crucecita, Huatulco, lugar donde agentes ministeriales de investigaci\u00f3n de la Vicefiscal\u00eda Regional de la Costa que realizaban labores de vigilancia se percataron de la presencia de un hombre con actitud sospechosa y evasiva, por lo que al solicitarle una revisi\u00f3n \u00e9ste opuso resistencia, alter\u00f3 el orden p\u00fablico y agredi\u00f3 a los efectivos.<\/p>\n\n\n\n<p>Una vez controlada la situaci\u00f3n, fue detenido y posteriormente trasladado a las oficinas de la comandancia regional con sede en Huatulco, donde se le efectu\u00f3 una inspecci\u00f3n y se le hall\u00f3 entre sus pertenencias diversas dosis de drogas conocidas como coca\u00edna y cristal, as\u00ed como otros objetos constitutivos de delito.<\/p>\n\n\n\n<p>VINCULADO A PROCEO&nbsp;<\/p>\n\n\n\n<p>Por otra parte, la instituci\u00f3n obtuvo auto de vinculaci\u00f3n a proceso y prisi\u00f3n en contra de una persona del sexo masculino identificada como E.J.R., alias \u201cEl Chikis\u201d, por los delitos de homicidio calificado con ventaja y asociaci\u00f3n delictuosa, cometidos en la regi\u00f3n de los Valles Centrales.<\/p>\n\n\n\n<p>De acuerdo con lo asentado en el expediente penal, los hechos ocurrieron el 27 de abril de 2025, cuando la v\u00edctima identificada como G.J.C.G., llegaba a su domicilio ubicado en la calle Gerbera del fraccionamiento Jardines del Sur, en Santa Cruz Xoxocotl\u00e1n, donde fue interceptado por integrantes de una pandilla de cholos, quienes lo agredieron f\u00edsicamente, infligiendo lesiones que lo privaron de la vida.<\/p>\n\n\n\n<p>Los estudios periciales determinaron que la causa del fallecimiento fue hemorragia cerebral aguda.<\/p>\n\n\n\n<p>Tras tener conocimiento de los hechos, la Fiscal\u00eda de Oaxaca inici\u00f3 las investigaciones correspondientes que quedaron a cargo de la Fiscal\u00eda Especializada para la Atenci\u00f3n a Delitos de Alto Impacto, logrando establecer l\u00edneas s\u00f3lidas de investigaci\u00f3n que permitieron obtener una orden de aprehensi\u00f3n gratuita a la cual se logr\u00f3 la detenci\u00f3n de E.J.R., alias \u201cEl Chikis\u201d.<\/p>\n\n\n\n<p>Durante la audiencia inicial, y con base en los datos de prueba presentados por la Fiscal\u00eda de Oaxaca, el Juez de Control dict\u00f3 auto de vinculaci\u00f3n a proceso contra E.J.R., alias \u201cEl Chikis\u201d, imponi\u00e9ndole la medida cautelar de prisi\u00f3n preventiva justificada, adem\u00e1s de otorgar un plazo de dos meses para el cierre de la investigaci\u00f3n complementaria.<\/p>\n","protected":false},"excerpt":{"rendered":"<p>Redacci\u00f3n\/Zona Roja.&nbsp; Oaxaca, Oax., a 18 de octubre de 2025.- La Fiscal\u00eda General del Estado&hellip;<\/p>\n","protected":false},"author":2,"featured_media":85930,"comment_status":"closed","ping_status":"open","sticky":false,"template":"","format":"standard","meta":{"_lmt_disableupdate":"","_lmt_disable":"","_jetpack_memberships_contains_paid_content":false,"footnotes":""},"categories":[109,46],"tags":[494],"class_list":["post-85927","post","type-post","status-publish","format-standard","has-post-thumbnail","hentry","category-minuto-a-minuto","category-zona-blanca","tag-fiscalia-general-del-estado-de-oaxaca"],"jetpack_featured_media_url":"https:\/\/zonaroja.com.mx\/wp-content\/uploads\/2025\/10\/DEtenido-intento-de-feminicidio-Istmo.jpeg","jetpack_sharing_enabled":true,"_links":{"self":[{"href":"https:\/\/zonaroja.com.mx\/index.php?rest_route=\/wp\/v2\/posts\/85927","targetHints":{"allow":["GET"]}}],"collection":[{"href":"https:\/\/zonaroja.com.mx\/index.php?rest_route=\/wp\/v2\/posts"}],"about":[{"href":"https:\/\/zonaroja.com.mx\/index.php?rest_route=\/wp\/v2\/types\/post"}],"author":[{"embeddable":true,"href":"https:\/\/zonaroja.com.mx\/index.php?rest_route=\/wp\/v2\/users\/2"}],"replies":[{"embeddable":true,"href":"https:\/\/zonaroja.com.mx\/index.php?rest_route=%2Fwp%2Fv2%2Fcomments&post=85927"}],"version-history":[{"count":1,"href":"https:\/\/zonaroja.com.mx\/index.php?rest_route=\/wp\/v2\/posts\/85927\/revisions"}],"predecessor-version":[{"id":85931,"href":"https:\/\/zonaroja.com.mx\/index.php?rest_route=\/wp\/v2\/posts\/85927\/revisions\/85931"}],"wp:featuredmedia":[{"embeddable":true,"href":"https:\/\/zonaroja.com.mx\/index.php?rest_route=\/wp\/v2\/media\/85930"}],"wp:attachment":[{"href":"https:\/\/zonaroja.com.mx\/index.php?rest_route=%2Fwp%2Fv2%2Fmedia&parent=85927"}],"wp:term":[{"taxonomy":"category","embeddable":true,"href":"https:\/\/zonaroja.com.mx\/index.php?rest_route=%2Fwp%2Fv2%2Fcategories&post=85927"},{"taxonomy":"post_tag","embeddable":true,"href":"https:\/\/zonaroja.com.mx\/index.php?rest_route=%2Fwp%2Fv2%2Ftags&post=85927"}],"curies":[{"name":"wp","href":"https:\/\/api.w.org\/{rel}","templated":true}]}}