{"id":8593,"date":"2020-02-09T18:23:55","date_gmt":"2020-02-10T00:23:55","guid":{"rendered":"http:\/\/www.zonaroja.com.mx\/?p=8593"},"modified":"2020-02-09T18:23:58","modified_gmt":"2020-02-10T00:23:58","slug":"van-45-casos-de-tuberculosis-este-ano-en-oaxaca-es-una-de-las-10-causas-de-muerte","status":"publish","type":"post","link":"https:\/\/zonaroja.com.mx\/?p=8593","title":{"rendered":"Van 45 casos de tuberculosis este a\u00f1o en Oaxaca; es una de las 10 causas de muerte"},"content":{"rendered":"\n<p>Redacci\u00f3n\/Zona Roja.<\/p>\n\n\n\n<p>Oaxaca de Ju\u00e1rez, Oax., 9 de febrero de\n2020. En un mes y una semana del presente a\u00f1o, suman 45 nuevos casos de\npersonas con tuberculosis, revel\u00f3 hoy la dependencia Servicios de Salud de\nOaxaca (SSO).<\/p>\n\n\n\n<p>Dijo que de\nacuerdo a la Organizaci\u00f3n Mundial de la Salud (OMS), dicho padecimiento es una\nde las 10 causas principales de muerte en el mundo; en 2018, 10 millones de\npersonas se enfermaron.<\/p>\n\n\n\n<p>En un comunicado, detall\u00f3 que la\nJurisdicci\u00f3n Sanitaria n\u00famero tres en Tuxtepec registra 18 casos, seguido de\nValles Centrales con 13, la Costa con siete, mientras que en el Istmo son dos,\nla Mixteca dos, y la Sierra tres casos.<\/p>\n\n\n\n<p>Refiri\u00f3 que un 77.8 por ciento\ncorresponde a tuberculosis pulmonar, un 4.4 por ciento al tipo miliar, en un\nmismo porcentaje a ganglionar, un 2.2 por ciento a men\u00edngea, as\u00ed como\nigualmente en los tipos pleural, intestinal y genitourinaria y 4.4 como otras\ntuberculosis, de los cuales 28 casos son en hombres y 17 en mujeres.<\/p>\n\n\n\n<p>Expuso que la tuberculosis es una\nenfermedad infecciosa, que se transmite de una persona enferma a otra cuando\nexpulsa gotas de saliva con bacilos al toser, hablar, cantar o estornudar cerca\nde otras, es ocasionada por el \u201cMycobacterium Tuberculosis\u201d, que generalmente\nafecta los pulmones, y en ocasiones otros \u00f3rganos como: ri\u00f1ones, intestinos,\nganglios linf\u00e1ticos, piel, entre otros.<\/p>\n\n\n\n<p>Los s\u00edntomas son: tos con flema de m\u00e1s\nde 15 d\u00edas, fiebre, debilidad, p\u00e9rdida de peso, sudoraci\u00f3n nocturna, y p\u00e9rdida\nde apetito, ante ello exhort\u00f3 a la poblaci\u00f3n para que acuda a la unidad de\nsalud para el diagn\u00f3stico y atenci\u00f3n correspondiente.<\/p>\n\n\n\n<p>Asegur\u00f3&nbsp;&nbsp; que&nbsp;&nbsp;\ndurante&nbsp;&nbsp; la&nbsp;&nbsp; administraci\u00f3n&nbsp;&nbsp; del&nbsp;&nbsp;\ngobernador, Alejandro Murat Hinojosa, se mantiene la capacitaci\u00f3n del\npersonal para la detecci\u00f3n oportuna, as\u00ed como el incremento de la estrategia de\nb\u00fasqueda intencionada de casos, adem\u00e1s de que se brinda el Tratamiento Acortado\nEstrictamente Supervisado (TAES) durante seis meses a los pacientes positivos,\nde manera gratuita.<\/p>\n","protected":false},"excerpt":{"rendered":"<p>Redacci\u00f3n\/Zona Roja. Oaxaca de Ju\u00e1rez, Oax., 9 de febrero de 2020. En un mes y&hellip;<\/p>\n","protected":false},"author":2,"featured_media":8594,"comment_status":"closed","ping_status":"open","sticky":false,"template":"","format":"standard","meta":{"_lmt_disableupdate":"","_lmt_disable":"","_jetpack_memberships_contains_paid_content":false,"footnotes":""},"categories":[109,47],"tags":[1005],"class_list":["post-8593","post","type-post","status-publish","format-standard","has-post-thumbnail","hentry","category-minuto-a-minuto","category-zona-gris","tag-servicios-de-salud-de-oaxaca-sso"],"jetpack_featured_media_url":"https:\/\/zonaroja.com.mx\/wp-content\/uploads\/2020\/02\/SSO-2-.jpg","jetpack_sharing_enabled":true,"_links":{"self":[{"href":"https:\/\/zonaroja.com.mx\/index.php?rest_route=\/wp\/v2\/posts\/8593","targetHints":{"allow":["GET"]}}],"collection":[{"href":"https:\/\/zonaroja.com.mx\/index.php?rest_route=\/wp\/v2\/posts"}],"about":[{"href":"https:\/\/zonaroja.com.mx\/index.php?rest_route=\/wp\/v2\/types\/post"}],"author":[{"embeddable":true,"href":"https:\/\/zonaroja.com.mx\/index.php?rest_route=\/wp\/v2\/users\/2"}],"replies":[{"embeddable":true,"href":"https:\/\/zonaroja.com.mx\/index.php?rest_route=%2Fwp%2Fv2%2Fcomments&post=8593"}],"version-history":[{"count":1,"href":"https:\/\/zonaroja.com.mx\/index.php?rest_route=\/wp\/v2\/posts\/8593\/revisions"}],"predecessor-version":[{"id":8595,"href":"https:\/\/zonaroja.com.mx\/index.php?rest_route=\/wp\/v2\/posts\/8593\/revisions\/8595"}],"wp:featuredmedia":[{"embeddable":true,"href":"https:\/\/zonaroja.com.mx\/index.php?rest_route=\/wp\/v2\/media\/8594"}],"wp:attachment":[{"href":"https:\/\/zonaroja.com.mx\/index.php?rest_route=%2Fwp%2Fv2%2Fmedia&parent=8593"}],"wp:term":[{"taxonomy":"category","embeddable":true,"href":"https:\/\/zonaroja.com.mx\/index.php?rest_route=%2Fwp%2Fv2%2Fcategories&post=8593"},{"taxonomy":"post_tag","embeddable":true,"href":"https:\/\/zonaroja.com.mx\/index.php?rest_route=%2Fwp%2Fv2%2Ftags&post=8593"}],"curies":[{"name":"wp","href":"https:\/\/api.w.org\/{rel}","templated":true}]}}