{"id":85934,"date":"2025-10-18T13:44:00","date_gmt":"2025-10-18T19:44:00","guid":{"rendered":"https:\/\/zonaroja.com.mx\/?p=85934"},"modified":"2025-10-18T07:46:57","modified_gmt":"2025-10-18T13:46:57","slug":"reconoce-hermano-de-amlo-que-tiene-13-ranchos-y-culpa-a-medios","status":"publish","type":"post","link":"https:\/\/zonaroja.com.mx\/?p=85934","title":{"rendered":"Reconoce hermano de AMLO que tiene 13 ranchos\u2026 y culpa a medios"},"content":{"rendered":"\n<p>Redacci\u00f3n\/Zona Roja Cdmx.<\/p>\n\n\n\n<p>(Informaci\u00f3n de Infobae M\u00e9xico)&nbsp;<\/p>\n\n\n\n<p>Ciudad de M\u00e9xico, a 18 de octubre de 2025.- Luego de d\u00edas en el centro de las cr\u00edticas por la posesi\u00f3n de 13 ranchos en Tabasco, Jos\u00e9 Ramiro L\u00f3pez Obrador minimiz\u00f3 el esc\u00e1ndalo se\u00f1alando que se trata de propiedades peque\u00f1as que fue comprando poco a poco, resultado del \u201cfruto de su esfuerzo\u201d.<\/p>\n\n\n\n<p>La declaraci\u00f3n patrimonial del hermano del expresidente Andr\u00e9s Manuel L\u00f3pez Obrador, tambi\u00e9n incluye la compra de 694 cabezas de ganado, ya en conjunto con los ranchos, se vuelven una adquisici\u00f3n millonaria del tabasque\u00f1o.<\/p>\n\n\n\n<p>Este 17 de octubre en entrevista para medios de comunicaci\u00f3n, Jos\u00e9 Ramiro dio sus primeros argumentos sobre las acusaciones, \u201ceso lo tengo declarado, yo no escondo nada, lo dem\u00e1s es una cuesti\u00f3n medi\u00e1tica\u201d.<\/p>\n\n\n\n<p>Asegur\u00f3 que las cr\u00edticas y exhibici\u00f3n de su vasto patrimonio se deben a supuestas inconformidades de quienes llam\u00f3 \u201clos poderosos de este pa\u00eds\u201d:<\/p>\n\n\n\n<p>\u201cNo perdonan lo que hizo Andr\u00e9s Manuel&#8230; los recursos con los que se quedaban ellos se le hayan dado a los ciudadanos a trav\u00e9s de los programas\u201d.<\/p>\n\n\n\n<p>\u201cSus jilgueros, que son los due\u00f1os de los medios de comunicaci\u00f3n, tienen que fomentar, agrandar toda esta situaci\u00f3n\u201d, reproch\u00f3.<\/p>\n\n\n\n<p>Seg\u00fan su versi\u00f3n, la compra no fue realizada en una sola exhibici\u00f3n, \u201ctengo esas propiedades, porque tuve una y luego me ofrecieron 10 hect\u00e1reas y las compr\u00e9, luego me ofrecieron 11 hect\u00e1reas y las compr\u00e9, pero la fui comprando poco a poco, son propiedades chicas, pero bueno, yo afortunadamente estoy tranquilo, s\u00e9 c\u00f3mo la adquir\u00ed y es producto del esfuerzo\u201d.<\/p>\n\n\n\n<p>Al ser cuestionado sobre si la adquisici\u00f3n se realiz\u00f3 durante el mandato presidencial de su hermano, contest\u00f3:<\/p>\n\n\n\n<p>\u201cSeguramente, s\u00ed, pues \u00e9l era eh\u2026 a ver, a ver, d\u00e9jame que yo haga cuentas. No, no, no, bueno, bueno, yo adquir\u00ed las primeras tierras en el 2010, parece algo as\u00ed, 2010, 2011, Andr\u00e9s estaba, creo que fue del 18 al 24, algo as\u00ed, pero te digo, yo fui adquiriendo pedazos ah\u00ed cerca de mi propiedad, junto a mi propiedad\u201d.<\/p>\n\n\n\n<p>El secretario de Gobierno de Tabasco dijo no saber cu\u00e1l es el monto total de los bienes, ya que no ha realizado la cuenta.<\/p>\n","protected":false},"excerpt":{"rendered":"<p>Redacci\u00f3n\/Zona Roja Cdmx. (Informaci\u00f3n de Infobae M\u00e9xico)&nbsp; Ciudad de M\u00e9xico, a 18 de octubre de&hellip;<\/p>\n","protected":false},"author":2,"featured_media":85689,"comment_status":"closed","ping_status":"open","sticky":false,"template":"","format":"standard","meta":{"_lmt_disableupdate":"","_lmt_disable":"","_jetpack_memberships_contains_paid_content":false,"footnotes":""},"categories":[109,47],"tags":[4483],"class_list":["post-85934","post","type-post","status-publish","format-standard","has-post-thumbnail","hentry","category-minuto-a-minuto","category-zona-gris","tag-jose-ramiro-lopez-obrador"],"jetpack_featured_media_url":"https:\/\/zonaroja.com.mx\/wp-content\/uploads\/2025\/10\/Jose-Ramiro-Lopez-Obrador.jpg","jetpack_sharing_enabled":true,"_links":{"self":[{"href":"https:\/\/zonaroja.com.mx\/index.php?rest_route=\/wp\/v2\/posts\/85934","targetHints":{"allow":["GET"]}}],"collection":[{"href":"https:\/\/zonaroja.com.mx\/index.php?rest_route=\/wp\/v2\/posts"}],"about":[{"href":"https:\/\/zonaroja.com.mx\/index.php?rest_route=\/wp\/v2\/types\/post"}],"author":[{"embeddable":true,"href":"https:\/\/zonaroja.com.mx\/index.php?rest_route=\/wp\/v2\/users\/2"}],"replies":[{"embeddable":true,"href":"https:\/\/zonaroja.com.mx\/index.php?rest_route=%2Fwp%2Fv2%2Fcomments&post=85934"}],"version-history":[{"count":1,"href":"https:\/\/zonaroja.com.mx\/index.php?rest_route=\/wp\/v2\/posts\/85934\/revisions"}],"predecessor-version":[{"id":85935,"href":"https:\/\/zonaroja.com.mx\/index.php?rest_route=\/wp\/v2\/posts\/85934\/revisions\/85935"}],"wp:featuredmedia":[{"embeddable":true,"href":"https:\/\/zonaroja.com.mx\/index.php?rest_route=\/wp\/v2\/media\/85689"}],"wp:attachment":[{"href":"https:\/\/zonaroja.com.mx\/index.php?rest_route=%2Fwp%2Fv2%2Fmedia&parent=85934"}],"wp:term":[{"taxonomy":"category","embeddable":true,"href":"https:\/\/zonaroja.com.mx\/index.php?rest_route=%2Fwp%2Fv2%2Fcategories&post=85934"},{"taxonomy":"post_tag","embeddable":true,"href":"https:\/\/zonaroja.com.mx\/index.php?rest_route=%2Fwp%2Fv2%2Ftags&post=85934"}],"curies":[{"name":"wp","href":"https:\/\/api.w.org\/{rel}","templated":true}]}}