{"id":85943,"date":"2025-10-18T15:58:00","date_gmt":"2025-10-18T21:58:00","guid":{"rendered":"https:\/\/zonaroja.com.mx\/?p=85943"},"modified":"2025-10-18T07:59:59","modified_gmt":"2025-10-18T13:59:59","slug":"la-sip-advierte-sobre-escalada-de-presiones-a-la-libertad-de-prensa","status":"publish","type":"post","link":"https:\/\/zonaroja.com.mx\/?p=85943","title":{"rendered":"La SIP advierte sobre escalada de presiones a la libertad de prensa"},"content":{"rendered":"\n<p>Redacci\u00f3n\/Zona Roja Cdmx.<\/p>\n\n\n\n<p>(Informaci\u00f3n de \u201cLa Silla Rota\u201d)<\/p>\n\n\n\n<p>Ciudad de M\u00e9xico, a 18 de octubre de 2025.- La libertad de prensa en las Am\u00e9ricas atraviesa un per\u00edodo de deterioro acelerado y una escalada de presiones contra el ejercicio period\u00edstico, seg\u00fan el informe presentado por Martha Ramos, presidenta de la Comisi\u00f3n de Libertad de Prensa e Informaci\u00f3n de la Sociedad Interamericana de Prensa (SIP), esto durante la 81 Asamblea General. La SIP subraya que las libertades de expresi\u00f3n y de prensa son elementos indispensables para la vigencia de la democracia.<\/p>\n\n\n\n<p>El panorama regional muestra que, a pesar de los marcos constitucionales protectores en varios pa\u00edses, la pr\u00e1ctica diaria del periodismo est\u00e1 siendo socavada por diversas formas de agresi\u00f3n. Estas agresiones abarcan desde el hostigamiento oficial y la estigmatizaci\u00f3n desde el poder, hasta el uso estrat\u00e9gico del acoso judicial, violencia, impunidad, desplazamiento forzado, presi\u00f3n econ\u00f3mica, manipulaci\u00f3n de la publicidad estatal y censura digital.<\/p>\n\n\n\n<p>El uso de discursos descalificadores y estigmatizantes por parte de funcionarios de alto nivel, incluidos presidentes, se ha consolidado como un riesgo estructural para los comunicadores.<\/p>\n\n\n\n<p>En Argentina, el presidente Javier Milei ha centrado una estrategia de descalificaci\u00f3n contra periodistas y medios cr\u00edticos, al punto de que la frase \u201cno odiamos lo suficiente a los periodistas\u201d se ha convertido en un eslogan reiterado por el mandatario y sus seguidores.<\/p>\n\n\n\n<p>El presidente de Colombia, Gustavo Petro, profiere discursos de estigmatizaci\u00f3n, se\u00f1alando a periodistas y medios, sin pruebas, de ser parte de entramados ilegales.<\/p>\n\n\n\n<p>En Estados Unidos, Donald Trump ha impulsado ataques ret\u00f3ricos y directos, llegando a equiparar a periodistas con terroristas.<\/p>\n\n\n\n<p>Funcionarios en Ecuador han utilizado canales oficiales para atacar a la prensa, llegando a tildar a comunicadores de \u201cterroristas\u201d.<\/p>\n\n\n\n<p>Este hostigamiento se amplifica a trav\u00e9s del acoso digital, donde operadores asociados al oficialismo o altos funcionarios amplifican el discurso oficial y atacan voces cr\u00edticas, una pr\u00e1ctica reportada en Colombia, Argentina y Costa Rica.<\/p>\n\n\n\n<p>La violencia contra la prensa abarca desde amenazas y agresiones hasta asesinatos, siendo una preocupaci\u00f3n central en el continente.<\/p>\n\n\n\n<p>\u00bfEn d\u00f3nde ha crecido la presi\u00f3n? En proporci\u00f3n, la violencia contra comunicadores ha crecido m\u00e1s en Per\u00fa. El pa\u00eds andino registr\u00f3 uno de los peores a\u00f1os en las \u00faltimas d\u00e9cadas, con el asesinato de dos periodistas. Un caso grave de incitaci\u00f3n a la violencia se dio cuando el alcalde de Lima, Rafael L\u00f3pez Aliaga, dijo p\u00fablicamente: \u00abhay que cargarse a Gorriti\u00bb, director de IDL Reporteros.<\/p>\n\n\n\n<p>DESPLAZAMIENTO Y CONTROL<\/p>\n\n\n\n<p>La crisis ha provocado el desplazamiento forzado de periodistas, un fen\u00f3meno preocupante. El Salvador ha obligado al desplazamiento forzado de m\u00e1s de 40 comunicadores y salas de redacci\u00f3n , siguiendo el patr\u00f3n ya visto en Nicaragua, Venezuela y Cuba.<\/p>\n\n\n\n<p>El descontrol y la violencia desbordada en Hait\u00ed hacen pr\u00e1cticamente imposible el trabajo period\u00edstico, obligando a los comunicadores a desplazarse con protecci\u00f3n armada o en veh\u00edculos blindados, e incluso a evacuar y ver saqueadas sus sedes. En Honduras, la labor se vio afectada por acciones directas de las Fuerzas Armadas que configuran un patr\u00f3n de intimidaci\u00f3n.<\/p>\n\n\n\n<p>En varios pa\u00edses, la libertad de expresi\u00f3n est\u00e1 pr\u00e1cticamente desmantelada:<\/p>\n\n\n\n<p>Venezuela mantiene un bloqueo total al internet, afectando a m\u00e1s de ochenta p\u00e1ginas digitales de noticias, con 18 periodistas y trabajadores de medios encarcelados.<\/p>\n\n\n\n<p>En Nicaragua, el r\u00e9gimen reforz\u00f3 el control informativo y la presencia f\u00edsica del periodismo independiente ha sido casi desmantelada.<\/p>\n\n\n\n<p>En Cuba, el periodismo independiente opera bajo una continua represi\u00f3n pol\u00edtica e hipervigilancia, y el Estado bloquea las webs de decenas de medios.<\/p>\n\n\n\n<p>ACOSO Y CENSURA<\/p>\n\n\n\n<p>El acoso judicial se ha consolidado como un mecanismo de censura y una amenaza sistem\u00e1tica. En M\u00e9xico, se emplean figuras como \u201cviolencia pol\u00edtica de g\u00e9nero\u201d y demandas por da\u00f1o moral para inhibir la cr\u00edtica. En Panam\u00e1, un incremento notable de demandas judiciales permite el secuestro de bienes al inicio del proceso, arriesgando la viabilidad financiera de los medios. En Per\u00fa, el Congreso intent\u00f3 imponer \u00abmordazas\u00bb mediante leyes, y el Ministerio P\u00fablico sigue exigiendo a los periodistas que revelen sus fuentes. En Argentina, el aumento de demandas por calumnias e injurias, presentadas incluso por el presidente, genera un efecto inhibitorio (autocensura).<\/p>\n\n\n\n<p>La censura digital avanza. En Ecuador, se registraron ataques coordinados que eliminaron contenidos cr\u00edticos bajo pretexto de derechos de autor. El informe presentado destaca que el bloqueo al ejercicio period\u00edstico libre en Estados Unidos es preocupante, incluyendo el condicionamiento de visas a corresponsales y la revisi\u00f3n previa de publicaciones exigida por el Pent\u00e1gono, con el riesgo de convertirse en ejemplo para gobernantes autoritarios.<\/p>\n\n\n\n<p>La SIP concluye que el efecto cascada que producen las descalificaciones y ataques desde el poder ponen en riesgo el ejercicio diario de los periodistas y los medios de comunicaci\u00f3n, urgiendo a nuevas estrategias de defensa legal ante el uso del aparato jur\u00eddico como arma de censura.<\/p>\n\n\n\n<p>\u201cDesde la SIP seguiremos denunciando y alertando sobre cualquier amenaza contra la libertad de prensa\u201d, puntualiza Martha Ramos.<\/p>\n","protected":false},"excerpt":{"rendered":"<p>Redacci\u00f3n\/Zona Roja Cdmx. (Informaci\u00f3n de \u201cLa Silla Rota\u201d) Ciudad de M\u00e9xico, a 18 de octubre&hellip;<\/p>\n","protected":false},"author":2,"featured_media":70673,"comment_status":"closed","ping_status":"open","sticky":false,"template":"","format":"standard","meta":{"_lmt_disableupdate":"","_lmt_disable":"","_jetpack_memberships_contains_paid_content":false,"footnotes":""},"categories":[109,47],"tags":[4420],"class_list":["post-85943","post","type-post","status-publish","format-standard","has-post-thumbnail","hentry","category-minuto-a-minuto","category-zona-gris","tag-periodismo-en-riesgo-mexico"],"jetpack_featured_media_url":"https:\/\/zonaroja.com.mx\/wp-content\/uploads\/2024\/07\/Periodismo-periodistas-agresiones-prensa.jpeg","jetpack_sharing_enabled":true,"_links":{"self":[{"href":"https:\/\/zonaroja.com.mx\/index.php?rest_route=\/wp\/v2\/posts\/85943","targetHints":{"allow":["GET"]}}],"collection":[{"href":"https:\/\/zonaroja.com.mx\/index.php?rest_route=\/wp\/v2\/posts"}],"about":[{"href":"https:\/\/zonaroja.com.mx\/index.php?rest_route=\/wp\/v2\/types\/post"}],"author":[{"embeddable":true,"href":"https:\/\/zonaroja.com.mx\/index.php?rest_route=\/wp\/v2\/users\/2"}],"replies":[{"embeddable":true,"href":"https:\/\/zonaroja.com.mx\/index.php?rest_route=%2Fwp%2Fv2%2Fcomments&post=85943"}],"version-history":[{"count":1,"href":"https:\/\/zonaroja.com.mx\/index.php?rest_route=\/wp\/v2\/posts\/85943\/revisions"}],"predecessor-version":[{"id":85944,"href":"https:\/\/zonaroja.com.mx\/index.php?rest_route=\/wp\/v2\/posts\/85943\/revisions\/85944"}],"wp:featuredmedia":[{"embeddable":true,"href":"https:\/\/zonaroja.com.mx\/index.php?rest_route=\/wp\/v2\/media\/70673"}],"wp:attachment":[{"href":"https:\/\/zonaroja.com.mx\/index.php?rest_route=%2Fwp%2Fv2%2Fmedia&parent=85943"}],"wp:term":[{"taxonomy":"category","embeddable":true,"href":"https:\/\/zonaroja.com.mx\/index.php?rest_route=%2Fwp%2Fv2%2Fcategories&post=85943"},{"taxonomy":"post_tag","embeddable":true,"href":"https:\/\/zonaroja.com.mx\/index.php?rest_route=%2Fwp%2Fv2%2Ftags&post=85943"}],"curies":[{"name":"wp","href":"https:\/\/api.w.org\/{rel}","templated":true}]}}