{"id":85945,"date":"2025-10-18T16:02:00","date_gmt":"2025-10-18T22:02:00","guid":{"rendered":"https:\/\/zonaroja.com.mx\/?p=85945"},"modified":"2025-10-18T08:02:44","modified_gmt":"2025-10-18T14:02:44","slug":"aprueba-el-congreso-programa-estatal-de-ordenamiento-territorial","status":"publish","type":"post","link":"https:\/\/zonaroja.com.mx\/?p=85945","title":{"rendered":"Aprueba el Congreso Programa Estatal de Ordenamiento Territorial"},"content":{"rendered":"\n<p>Redacci\u00f3n\/Zona Roja.<\/p>\n\n\n\n<p>Oaxaca, Oax., a 17 de octubre de 2025.- La 66 Legislatura Constitucional aprob\u00f3 el Programa Estatal de Ordenamiento Territorial y Desarrollo Urbano (PEOTDU) de Oaxaca, iniciativa presentada por el gobernador Salom\u00f3n Jara Cruz por conducto del titular de la Consejer\u00eda Jur\u00eddica y Asistencia Legal del Gobierno del Estado, Geovany V\u00e1squez Sagrero.<\/p>\n\n\n\n<p>El objetivo principal es contar con un instrumento de pol\u00edtica p\u00fablica que gu\u00ede el ordenamiento territorial y la regulaci\u00f3n del desarrollo urbano del estado, mediante la articulaci\u00f3n de estrategias y acciones a trav\u00e9s de un Modelo de Ordenamiento Territorial cuyas pol\u00edticas emanan del consenso social.<\/p>\n\n\n\n<p>Tambi\u00e9n se establecer\u00e1n las bases para dotar a la poblaci\u00f3n de componentes naturales, f\u00edsicos, sist\u00e9micos, de equipamiento y servicios que mejoren su calidad de vida y les permitan vivir en entornos sustentables, seguros, inclusivos y resilientes.<\/p>\n\n\n\n<p>El dictamen de la Comisi\u00f3n Permanente de Infraestructura y Comunicaciones precisa que el instrumento vigente era el Plan Estatal de Desarrollo Urbano publicado mediante decreto el 8 de julio de 1979, y desde esa fecha no hab\u00eda sido actualizado.<\/p>\n\n\n\n<p>Y en consecuencia de lo anterior, Oaxaca presenta un rezago de 46 a\u00f1os para atender las caracter\u00edsticas geogr\u00e1ficas y de etnodesarrollo, ya que no cuenta con una base espacial para la regulaci\u00f3n de los asentamientos y las actividades humanas, la delimitaci\u00f3n de las estrategias de desarrollo socioecon\u00f3mico, preservaci\u00f3n ambiental, gesti\u00f3n integral de riesgos y orientaci\u00f3n del gasto p\u00fablico y las inversiones.<\/p>\n\n\n\n<p>\u201cEl instrumento dar\u00e1 sustento a la implementaci\u00f3n de los proyectos estrat\u00e9gicos promovidos por el Gobierno del Estado en las ocho regiones en materia de infraestructura y servicios p\u00fablicos, en armon\u00eda con el medio ambiente y la gesti\u00f3n integral de riesgos\u201d, refiere el dictamen.<\/p>\n\n\n\n<p>TOMA DE DECISIONES<\/p>\n\n\n\n<p>Al hacer uso de la palabra, el diputado que preside el \u00f3rgano legislativo de Infraestructura y Comunicaciones, Israel L\u00f3pez S\u00e1nchez expres\u00f3 que el PEOTDU, representa un instrumento t\u00e9cnico de planeaci\u00f3n urbana que ayudar\u00e1 a las y los tomadores de decisiones a guiar oportunamente la ocupaci\u00f3n, usos y el aprovechamiento sostenible del territorio.<\/p>\n\n\n\n<p>Asimismo, explic\u00f3 que, integra las dimensiones ambiental, social, cultural y econ\u00f3mica, trasciende los \u00e1mbitos rural y urbano al considerar los niveles regional, metropolitano, municipal, estatal y nacional, adem\u00e1s de promover el cuidado de la biodiversidad y reconcilia a las personas con su entorno natural.<\/p>\n\n\n\n<p>Cabe destacar que durante su proceso de elaboraci\u00f3n, entre marzo de 2023 y septiembre de 2024 fungiendo como instancia ejecutora la Secretar\u00eda de Desarrollo Agrario, Territorial y Urbano se incluyeron mecanismos de participaci\u00f3n en los que fueron convocados los municipios, diversas dependencias federales, estatales, comisiones permanentes del Congreso local, colegios, asociaciones con incidencia en el ordenamiento territorial, universidades, fundaciones, personas expertas en la materia y p\u00fablico en general.<\/p>\n\n\n\n<p>Una vez aprobado el Proyecto de Decreto el Ejecutivo del Estado deber\u00e1 ordenar al Instituto de la Funci\u00f3n Registral de Oaxaca su inscripci\u00f3n en cumplimiento a lo dispuesto por el art\u00edculo 23 fracci\u00f3n XI de la Ley de Ordenamiento Territorial y Desarrollo Urbano para el Estado de Oaxaca.<\/p>\n","protected":false},"excerpt":{"rendered":"<p>Redacci\u00f3n\/Zona Roja. Oaxaca, Oax., a 17 de octubre de 2025.- La 66 Legislatura Constitucional aprob\u00f3&hellip;<\/p>\n","protected":false},"author":2,"featured_media":85003,"comment_status":"closed","ping_status":"open","sticky":false,"template":"","format":"standard","meta":{"_lmt_disableupdate":"","_lmt_disable":"","_jetpack_memberships_contains_paid_content":false,"footnotes":""},"categories":[109,46],"tags":[303],"class_list":["post-85945","post","type-post","status-publish","format-standard","has-post-thumbnail","hentry","category-minuto-a-minuto","category-zona-blanca","tag-congreso-del-estado-de-oaxaca"],"jetpack_featured_media_url":"https:\/\/zonaroja.com.mx\/wp-content\/uploads\/2025\/09\/Israel-Lopez-Sanchez.jpeg","jetpack_sharing_enabled":true,"_links":{"self":[{"href":"https:\/\/zonaroja.com.mx\/index.php?rest_route=\/wp\/v2\/posts\/85945","targetHints":{"allow":["GET"]}}],"collection":[{"href":"https:\/\/zonaroja.com.mx\/index.php?rest_route=\/wp\/v2\/posts"}],"about":[{"href":"https:\/\/zonaroja.com.mx\/index.php?rest_route=\/wp\/v2\/types\/post"}],"author":[{"embeddable":true,"href":"https:\/\/zonaroja.com.mx\/index.php?rest_route=\/wp\/v2\/users\/2"}],"replies":[{"embeddable":true,"href":"https:\/\/zonaroja.com.mx\/index.php?rest_route=%2Fwp%2Fv2%2Fcomments&post=85945"}],"version-history":[{"count":1,"href":"https:\/\/zonaroja.com.mx\/index.php?rest_route=\/wp\/v2\/posts\/85945\/revisions"}],"predecessor-version":[{"id":85946,"href":"https:\/\/zonaroja.com.mx\/index.php?rest_route=\/wp\/v2\/posts\/85945\/revisions\/85946"}],"wp:featuredmedia":[{"embeddable":true,"href":"https:\/\/zonaroja.com.mx\/index.php?rest_route=\/wp\/v2\/media\/85003"}],"wp:attachment":[{"href":"https:\/\/zonaroja.com.mx\/index.php?rest_route=%2Fwp%2Fv2%2Fmedia&parent=85945"}],"wp:term":[{"taxonomy":"category","embeddable":true,"href":"https:\/\/zonaroja.com.mx\/index.php?rest_route=%2Fwp%2Fv2%2Fcategories&post=85945"},{"taxonomy":"post_tag","embeddable":true,"href":"https:\/\/zonaroja.com.mx\/index.php?rest_route=%2Fwp%2Fv2%2Ftags&post=85945"}],"curies":[{"name":"wp","href":"https:\/\/api.w.org\/{rel}","templated":true}]}}