{"id":85960,"date":"2025-10-19T11:50:00","date_gmt":"2025-10-19T17:50:00","guid":{"rendered":"https:\/\/zonaroja.com.mx\/?p=85960"},"modified":"2025-10-19T06:55:10","modified_gmt":"2025-10-19T12:55:10","slug":"mueren-por-cancer-de-mama-13-de-cada-100-mil-mujeres-en-oaxaca","status":"publish","type":"post","link":"https:\/\/zonaroja.com.mx\/?p=85960","title":{"rendered":"Mueren por c\u00e1ncer de mama 13 de cada 100 mil mujeres en Oaxaca"},"content":{"rendered":"\n<p>Lisbeth Mej\u00eda Reyes\/Zona Roja.<\/p>\n\n\n\n<p>Oaxaca, Oax., a 19 de octubre de 2025.- En el estado de Oaxaca, se estima que 13 de cada 100 mil mujeres fallecieron a causa del c\u00e1ncer de mama en el a\u00f1o 2024, de acuerdo con el Instituto Nacional de Estad\u00edstica y Geograf\u00eda (Inegi).&nbsp;<\/p>\n\n\n\n<p>La tasa (13.2 muertes por cada 100 mil f\u00e9minas) es mayor a la del a\u00f1o 2023, cuando fueron 12.2 de cada 100 mil las que fallecieron por este tipo de tumor maligno.<\/p>\n\n\n\n<p>Este 19 de octubre se conmemora el D\u00eda Mundial de la Lucha contra el C\u00e1ncer de Mama. La fecha es para concientizar sobre la enfermedad que afecta principalmente a las mujeres y la necesidad de detectarla a tiempo la enfermedad para salvar vidas.<\/p>\n\n\n\n<p>El Instituto Mexicano del Seguro Social (IMSS) explica que el c\u00e1ncer de mama \u00abes un tumor maligno que se origina en las c\u00e9lulas de la mama (seno), entendiendo por tumor maligno un grupo de c\u00e9lulas que crecen de manera desordenada e independiente, que tiende a invadir los tejidos que lo rodean, as\u00ed como \u00f3rganos distantes (met\u00e1stasis)\u00bb.<\/p>\n\n\n\n<p>La Secretar\u00eda de Salud recomienda acudir a revisi\u00f3n m\u00e9dica y para una mejor atenci\u00f3n en caso de detectar en las mamas (senos) alguno de estos s\u00edntomas o cambios: abultamientos o hundimientos, endurecimiento, cambio en el tama\u00f1o, secreci\u00f3n en el pez\u00f3n, cambio de color en la piel, dolor y desviaci\u00f3n de los pezones.<\/p>\n\n\n\n<p>\u00abCuando el c\u00e1ncer de mama se detecta en una etapa temprana, las posibilidades de curaci\u00f3n son elevadas, si se detecta tard\u00edamente es raro que se pueda ofrecer un tratamiento curativo\u00bb, se\u00f1ala el IMSS.<\/p>\n\n\n\n<p>Aunque de acuerdo con el INEGI el estado de Oaxaca es de los que presenta la tercera tasa de mortalidad m\u00e1s baja del pa\u00eds (junto con Guerrero y Tlaxcala) por esta enfermedad, a nivel nacional se ha registrado un aumento de defunciones por c\u00e1ncer de mama en los \u00faltimos a\u00f1os.<\/p>\n\n\n\n<p>Durante la \u00faltima d\u00e9cada, la tasa de defunciones por c\u00e1ncer de mama se increment\u00f3 de 15.7 &nbsp;en 2015 a 18.7 en 2024, por cada 100 mil mujeres de 20 a\u00f1os y m\u00e1s, detalla el Inegi. Para el 2024, los decesos por esta causa fueron 8 mil 451. De estos, 8 mil 384 (99.2 %) ocurrieron en mujeres y 67 (0.8 %) en hombres.<\/p>\n\n\n\n<p>Esta cifra es mayor a la del a\u00f1o 2023, cuando se reportaron 8 mil 34 defunciones por c\u00e1ncer de mama, de las cuales 7 mil 992 (99.5 %) ocurrieron en mujeres, mientras que en hombres fueron 42 fallecimientos, lo que represent\u00f3 0.5 por ciento.<\/p>\n\n\n\n<p>El Inegi subraya que en 2024, el c\u00e1ncer de mama fue la primera causa de muerte entre los tumores malignos y que casi el total (99.2 %) ocurrieron en mujeres.<\/p>\n","protected":false},"excerpt":{"rendered":"<p>Lisbeth Mej\u00eda Reyes\/Zona Roja. Oaxaca, Oax., a 19 de octubre de 2025.- En el estado&hellip;<\/p>\n","protected":false},"author":2,"featured_media":85961,"comment_status":"closed","ping_status":"open","sticky":false,"template":"","format":"standard","meta":{"_lmt_disableupdate":"","_lmt_disable":"","_jetpack_memberships_contains_paid_content":false,"footnotes":""},"categories":[109,46],"tags":[],"class_list":["post-85960","post","type-post","status-publish","format-standard","has-post-thumbnail","hentry","category-minuto-a-minuto","category-zona-blanca"],"jetpack_featured_media_url":"https:\/\/zonaroja.com.mx\/wp-content\/uploads\/2025\/10\/Cancer-de-mama.png","jetpack_sharing_enabled":true,"_links":{"self":[{"href":"https:\/\/zonaroja.com.mx\/index.php?rest_route=\/wp\/v2\/posts\/85960","targetHints":{"allow":["GET"]}}],"collection":[{"href":"https:\/\/zonaroja.com.mx\/index.php?rest_route=\/wp\/v2\/posts"}],"about":[{"href":"https:\/\/zonaroja.com.mx\/index.php?rest_route=\/wp\/v2\/types\/post"}],"author":[{"embeddable":true,"href":"https:\/\/zonaroja.com.mx\/index.php?rest_route=\/wp\/v2\/users\/2"}],"replies":[{"embeddable":true,"href":"https:\/\/zonaroja.com.mx\/index.php?rest_route=%2Fwp%2Fv2%2Fcomments&post=85960"}],"version-history":[{"count":1,"href":"https:\/\/zonaroja.com.mx\/index.php?rest_route=\/wp\/v2\/posts\/85960\/revisions"}],"predecessor-version":[{"id":85962,"href":"https:\/\/zonaroja.com.mx\/index.php?rest_route=\/wp\/v2\/posts\/85960\/revisions\/85962"}],"wp:featuredmedia":[{"embeddable":true,"href":"https:\/\/zonaroja.com.mx\/index.php?rest_route=\/wp\/v2\/media\/85961"}],"wp:attachment":[{"href":"https:\/\/zonaroja.com.mx\/index.php?rest_route=%2Fwp%2Fv2%2Fmedia&parent=85960"}],"wp:term":[{"taxonomy":"category","embeddable":true,"href":"https:\/\/zonaroja.com.mx\/index.php?rest_route=%2Fwp%2Fv2%2Fcategories&post=85960"},{"taxonomy":"post_tag","embeddable":true,"href":"https:\/\/zonaroja.com.mx\/index.php?rest_route=%2Fwp%2Fv2%2Ftags&post=85960"}],"curies":[{"name":"wp","href":"https:\/\/api.w.org\/{rel}","templated":true}]}}