{"id":85966,"date":"2025-10-19T13:30:00","date_gmt":"2025-10-19T19:30:00","guid":{"rendered":"https:\/\/zonaroja.com.mx\/?p=85966"},"modified":"2025-10-19T07:12:18","modified_gmt":"2025-10-19T13:12:18","slug":"cercano-a-amlo-tiene-departamento-de-lujo-en-cancun-pago-15-5-mdp","status":"publish","type":"post","link":"https:\/\/zonaroja.com.mx\/?p=85966","title":{"rendered":"Cercano a AMLO tiene departamento de lujo en Canc\u00fan: pag\u00f3 15.5 mdp"},"content":{"rendered":"\n<p>Redacci\u00f3n\/Zona Roja Cdmx.<\/p>\n\n\n\n<p>(Informaci\u00f3n de Pol\u00edtico.Mx)<\/p>\n\n\n\n<p>Ciudad de M\u00e9xico, a 19 de octubre de 2025.- Desde que Morena lleg\u00f3 al poder con el proyecto de la Cuarta Transformaci\u00f3n, las cr\u00edticas por supuestos casos de corrupci\u00f3n y riqueza inexplicable han acompa\u00f1ado al movimiento que enarbola la austeridad como uno de sus principios.<\/p>\n\n\n\n<p>En distintas ocasiones, opositores han se\u00f1alado la contradicci\u00f3n entre el discurso de combate a la corrupci\u00f3n y los esc\u00e1ndalos que involucran a figuras cercanas al expresidente Andr\u00e9s Manuel L\u00f3pez Obrador.<\/p>\n\n\n\n<p>El caso m\u00e1s reciente involucra a Rafael Mar\u00edn Mollinedo, actual director de la Agencia Nacional de Aduanas de M\u00e9xico, quien fue exhibido en una investigaci\u00f3n de \u201cLatinus\u201d.<\/p>\n\n\n\n<p>El reportaje, presentado en el programa de Carlos Loret de Mola, revel\u00f3 que el funcionario tiene un total de 10 propiedades, de las cuales cinco no aparecen en su declaraci\u00f3n patrimonial, adem\u00e1s de un departamento de lujo en Canc\u00fan valuado en 15.5 millones de pesos.<\/p>\n\n\n\n<p>Seg\u00fan la investigaci\u00f3n de la periodista Isabella Gonz\u00e1lez, la propiedad adquirida por Mar\u00edn Mollinedo en el complejo Shark Tower de Canc\u00fan, inaugurado en 2022, cuenta con amenidades de lujo como spa, acceso a la playa y campo de golf.<\/p>\n\n\n\n<p>De acuerdo con \u201cLatinus\u201d, el inmueble tiene tres rec\u00e1maras con ba\u00f1o y vestidor, sala, comedor, vest\u00edbulo, cocina, cuarto de televisi\u00f3n y dos terrazas de 50 metros cuadrados cada una.<\/p>\n\n\n\n<p>La compra se concret\u00f3 por 15.5 millones de pesos, con pagos que comenzaron en 2017 y se extendieron hasta 2024, cuando Mar\u00edn Mollinedo ya era funcionario federal.<\/p>\n\n\n\n<p>Seg\u00fan las escrituras en poder de \u201cLatinus\u201d, Mar\u00edn Mollinedo pag\u00f3 en 2017 y 2018 una inversi\u00f3n inicial de 4.9 millones de pesos.<\/p>\n\n\n\n<p>Ya en funciones dentro del gobierno de L\u00f3pez Obrador, desembols\u00f3 los 10.5 millones restantes entre 2019 y 2024.<\/p>\n\n\n\n<p>\u201cDe abril de 2019 a marzo de 2024, el titular de Aduanas pag\u00f3 el grueso del departamento\u201d, indic\u00f3 el reportaje.<\/p>\n\n\n\n<p>A pesar de la millonaria compra, el medio subray\u00f3 que el funcionario nunca ha habitado el inmueble.<\/p>\n\n\n\n<p>NUEVO MILLONARIO<\/p>\n\n\n\n<p>El se\u00f1alamiento cobra relevancia no solo por las propiedades no declaradas, sino tambi\u00e9n por la trayectoria de Mar\u00edn Mollinedo, considerado cercano a L\u00f3pez Obrador.<\/p>\n\n\n\n<p>Durante el gobierno capitalino (2000-2005), ocup\u00f3 cargos como director de Servicios Urbanos y, en la Presidencia, fue responsable de las Zonas Econ\u00f3micas Especiales y del Corredor Interoce\u00e1nico del Istmo de Tehuantepec.<\/p>\n\n\n\n<p>En 2022 fue nombrado director de la Agencia Nacional de Aduanas de M\u00e9xico (ANAM), instituci\u00f3n que fue se\u00f1alada por estar infiltrada por una red de huachicol fiscal.<\/p>\n\n\n\n<p>La gesti\u00f3n de Mar\u00edn Mollinedo coincidi\u00f3 con el periodo en el que la ANAM estuvo bajo la lupa por permitir el contrabando de combustibles en puertos como Altamira y Tampico.<\/p>\n\n\n\n<p>El esquema, descrito en investigaciones period\u00edsticas como la publicada por \u201cEl Pa\u00eds\u201d, inclu\u00eda la complicidad de mandos navales, agentes aduanales y empresas con sede en Monterrey.<\/p>\n\n\n\n<p>Se estima que al menos 564 millones de litros de combustibles ilegales entraron al pa\u00eds bajo este mecanismo.<\/p>\n\n\n\n<p>M\u00e1s all\u00e1 de las acusaciones, Mar\u00edn Mollinedo tambi\u00e9n es mencionado como un posible aspirante a la gubernatura de Quintana Roo en 2027.<\/p>\n\n\n\n<p>En el estado han aparecido espectaculares con su imagen, as\u00ed como un jingle que circula en redes sociales para promover su figura pol\u00edtica.<\/p>\n","protected":false},"excerpt":{"rendered":"<p>Redacci\u00f3n\/Zona Roja Cdmx. (Informaci\u00f3n de Pol\u00edtico.Mx) Ciudad de M\u00e9xico, a 19 de octubre de 2025.-&hellip;<\/p>\n","protected":false},"author":2,"featured_media":85967,"comment_status":"closed","ping_status":"open","sticky":false,"template":"","format":"standard","meta":{"_lmt_disableupdate":"","_lmt_disable":"","_jetpack_memberships_contains_paid_content":false,"footnotes":""},"categories":[109,47],"tags":[4494],"class_list":["post-85966","post","type-post","status-publish","format-standard","has-post-thumbnail","hentry","category-minuto-a-minuto","category-zona-gris","tag-rafael-marin-mollinedo"],"jetpack_featured_media_url":"https:\/\/zonaroja.com.mx\/wp-content\/uploads\/2025\/10\/Rafael-Marin-Mollinedo.jpg","jetpack_sharing_enabled":true,"_links":{"self":[{"href":"https:\/\/zonaroja.com.mx\/index.php?rest_route=\/wp\/v2\/posts\/85966","targetHints":{"allow":["GET"]}}],"collection":[{"href":"https:\/\/zonaroja.com.mx\/index.php?rest_route=\/wp\/v2\/posts"}],"about":[{"href":"https:\/\/zonaroja.com.mx\/index.php?rest_route=\/wp\/v2\/types\/post"}],"author":[{"embeddable":true,"href":"https:\/\/zonaroja.com.mx\/index.php?rest_route=\/wp\/v2\/users\/2"}],"replies":[{"embeddable":true,"href":"https:\/\/zonaroja.com.mx\/index.php?rest_route=%2Fwp%2Fv2%2Fcomments&post=85966"}],"version-history":[{"count":1,"href":"https:\/\/zonaroja.com.mx\/index.php?rest_route=\/wp\/v2\/posts\/85966\/revisions"}],"predecessor-version":[{"id":85968,"href":"https:\/\/zonaroja.com.mx\/index.php?rest_route=\/wp\/v2\/posts\/85966\/revisions\/85968"}],"wp:featuredmedia":[{"embeddable":true,"href":"https:\/\/zonaroja.com.mx\/index.php?rest_route=\/wp\/v2\/media\/85967"}],"wp:attachment":[{"href":"https:\/\/zonaroja.com.mx\/index.php?rest_route=%2Fwp%2Fv2%2Fmedia&parent=85966"}],"wp:term":[{"taxonomy":"category","embeddable":true,"href":"https:\/\/zonaroja.com.mx\/index.php?rest_route=%2Fwp%2Fv2%2Fcategories&post=85966"},{"taxonomy":"post_tag","embeddable":true,"href":"https:\/\/zonaroja.com.mx\/index.php?rest_route=%2Fwp%2Fv2%2Ftags&post=85966"}],"curies":[{"name":"wp","href":"https:\/\/api.w.org\/{rel}","templated":true}]}}