{"id":85969,"date":"2025-10-19T07:15:56","date_gmt":"2025-10-19T13:15:56","guid":{"rendered":"https:\/\/zonaroja.com.mx\/?p=85969"},"modified":"2025-10-19T07:15:59","modified_gmt":"2025-10-19T13:15:59","slug":"que-tal-con-el-abogado-se-quedo-con-350-mil-que-iba-a-pagar-de-su-cliente","status":"publish","type":"post","link":"https:\/\/zonaroja.com.mx\/?p=85969","title":{"rendered":"\u00bfQu\u00e9 tal con el abogado? Se qued\u00f3 con $350 mil que iba a pagar de su cliente"},"content":{"rendered":"\n<p>Redacci\u00f3n\/Zona Roja.&nbsp;<\/p>\n\n\n\n<p>Oaxaca, Oax., a 19 de octubre de 2025.- La Fiscal\u00eda General del Estado de Oaxaca (FGEO) ejecut\u00f3 una orden de aprehensi\u00f3n que permiti\u00f3 la detenci\u00f3n de una persona del sexo masculino identificada como H.E.C.S., por el delito de fraude, cometido en la capital oaxaque\u00f1a.<\/p>\n\n\n\n<p>De acuerdo con la causa penal correspondiente, los hechos ocurrieron en el a\u00f1o 2013, cuando las v\u00edctimas, identificadas como S.M.C. y A.M.S., solicitaron un cr\u00e9dito por la cantidad de 350 mil pesos, el cual no pudieron pagar en la fecha estipulada, motivo por el cual se inici\u00f3 un juicio en su contra.<\/p>\n\n\n\n<p>Ante esta situaci\u00f3n, las v\u00edctimas contrataron los servicios de H.E.C.S., a quien entregaron el pago correspondiente a sus honorarios, as\u00ed como la cantidad de 350 mil pesos destinada a liquidar la deuda con la cooperativa el 31 de mayo de 2018.<\/p>\n\n\n\n<p>Sin embargo, el 9 de noviembre de 2018, un representante de la compa\u00f1\u00eda acreedora acudi\u00f3 al domicilio de las v\u00edctimas para informarles que a\u00fan exist\u00eda la deuda pendiente, por lo que se confirm\u00f3 que el pago nunca se hab\u00eda efectuado, ocasionando con ello, un perjuicio patrimonial a las v\u00edctimas.<\/p>\n\n\n\n<p>Derivado de la denuncia presentada ante la FGEO, se realizaron las investigaciones correspondientes, las cuales permitieron obtener una orden de aprehensi\u00f3n en contra de H.E.C.S. por el delito de fraude, la cual fue ejecutada por elementos de la Agencia Estatal de Investigaciones (AEI) en calles de la ciudad de Oaxaca.<\/p>\n\n\n\n<p>Tras la detenci\u00f3n, H.E.C.S. fue puesto a disposici\u00f3n de la autoridad competente, para determinar su situaci\u00f3n jur\u00eddica.<\/p>\n\n\n\n<p>VINCULADO A PROCESO<\/p>\n\n\n\n<p>En otro caso, la Fiscal\u00eda General obtuvo auto de Vinculaci\u00f3n a Proceso y prisi\u00f3n preventiva contra una persona identificada como H.G.R., o A.H.G., imputado por el delito de robo con violencia a una mujer, trabajadora de un tienda comercial denominada \u201cPitic\u00f3\u201d, ubicada en calles c\u00e9ntricas de Oaxaca de Ju\u00e1rez.<\/p>\n\n\n\n<p>De acuerdo con el expediente penal del caso, los hechos que se le imputan ocurrieron el 8 de octubre de 2025, cuando la v\u00edctima identificada como G.G.C., se encontraba laborando en la tienda \u201cPitic\u00f3\u201d ubicada en la carretera Melchor Ocampo esquina con Miguel Hidalgo en la colonia centro del municipio de Oaxaca de Ju\u00e1rez.<\/p>\n\n\n\n<p>Las indagatorias del caso detallaron que, un hombre entr\u00f3 a la tienda y con unas tijeras met\u00e1licas amag\u00f3 a la v\u00edctima a quien despoj\u00f3 de su tel\u00e9fono celular, para despu\u00e9s emprender la huida.&nbsp;<\/p>\n\n\n\n<p>Luego del llamado de auxilio, las autoridades policiales fueron alertadas y a trav\u00e9s de un operativo, lograron la localizaci\u00f3n y detenci\u00f3n de H.G.R. o A.H.G., cuando caminaba sobre la calle de Valerio Trujano esquina con D\u00edaz Ordaz, lugar donde lo inspeccionaron y le hallaron el tel\u00e9fono celular propiedad de la v\u00edctima, posteriormente fue puesto a disposici\u00f3n de la autoridad competente para su debido certificaci\u00f3n legal.<\/p>\n\n\n\n<p>Ante estos hechos, la Vicefiscal\u00eda Regional de Valles Centrales atrajo el caso e inici\u00f3 las investigaciones correspondientes, las cuales permitieron obtener datos de prueba suficientes para presentarlo ante el juez<\/p>\n\n\n\n<p>Una vez analizadas las pruebas aportadas por la FGEO, el juez de la causa dict\u00f3 auto de vinculaci\u00f3n a proceso e impuso la prisi\u00f3n preventiva justificada como medida cautelar y concedi\u00f3 el plazo de un mes para el cierre de la investigaci\u00f3n complementaria.<\/p>\n","protected":false},"excerpt":{"rendered":"<p>Redacci\u00f3n\/Zona Roja.&nbsp; Oaxaca, Oax., a 19 de octubre de 2025.- La Fiscal\u00eda General del Estado&hellip;<\/p>\n","protected":false},"author":2,"featured_media":85970,"comment_status":"closed","ping_status":"open","sticky":false,"template":"","format":"standard","meta":{"_lmt_disableupdate":"","_lmt_disable":"","_jetpack_memberships_contains_paid_content":false,"footnotes":""},"categories":[109,47],"tags":[494],"class_list":["post-85969","post","type-post","status-publish","format-standard","has-post-thumbnail","hentry","category-minuto-a-minuto","category-zona-gris","tag-fiscalia-general-del-estado-de-oaxaca"],"jetpack_featured_media_url":"https:\/\/zonaroja.com.mx\/wp-content\/uploads\/2025\/10\/Abogado-defraudador-Fiscalia.jpg","jetpack_sharing_enabled":true,"_links":{"self":[{"href":"https:\/\/zonaroja.com.mx\/index.php?rest_route=\/wp\/v2\/posts\/85969","targetHints":{"allow":["GET"]}}],"collection":[{"href":"https:\/\/zonaroja.com.mx\/index.php?rest_route=\/wp\/v2\/posts"}],"about":[{"href":"https:\/\/zonaroja.com.mx\/index.php?rest_route=\/wp\/v2\/types\/post"}],"author":[{"embeddable":true,"href":"https:\/\/zonaroja.com.mx\/index.php?rest_route=\/wp\/v2\/users\/2"}],"replies":[{"embeddable":true,"href":"https:\/\/zonaroja.com.mx\/index.php?rest_route=%2Fwp%2Fv2%2Fcomments&post=85969"}],"version-history":[{"count":1,"href":"https:\/\/zonaroja.com.mx\/index.php?rest_route=\/wp\/v2\/posts\/85969\/revisions"}],"predecessor-version":[{"id":85971,"href":"https:\/\/zonaroja.com.mx\/index.php?rest_route=\/wp\/v2\/posts\/85969\/revisions\/85971"}],"wp:featuredmedia":[{"embeddable":true,"href":"https:\/\/zonaroja.com.mx\/index.php?rest_route=\/wp\/v2\/media\/85970"}],"wp:attachment":[{"href":"https:\/\/zonaroja.com.mx\/index.php?rest_route=%2Fwp%2Fv2%2Fmedia&parent=85969"}],"wp:term":[{"taxonomy":"category","embeddable":true,"href":"https:\/\/zonaroja.com.mx\/index.php?rest_route=%2Fwp%2Fv2%2Fcategories&post=85969"},{"taxonomy":"post_tag","embeddable":true,"href":"https:\/\/zonaroja.com.mx\/index.php?rest_route=%2Fwp%2Fv2%2Ftags&post=85969"}],"curies":[{"name":"wp","href":"https:\/\/api.w.org\/{rel}","templated":true}]}}