{"id":85972,"date":"2025-10-19T18:08:42","date_gmt":"2025-10-20T00:08:42","guid":{"rendered":"https:\/\/zonaroja.com.mx\/?p=85972"},"modified":"2025-10-19T18:08:45","modified_gmt":"2025-10-20T00:08:45","slug":"termina-en-zafarrancho-eleccion-de-autoridades-en-san-agustin-de-las-juntas","status":"publish","type":"post","link":"https:\/\/zonaroja.com.mx\/?p=85972","title":{"rendered":"Termina en zafarrancho elecci\u00f3n de autoridades en San Agust\u00edn de las Juntas"},"content":{"rendered":"\n<p>Raymundo Morales\/Zona Roja.<\/p>\n\n\n\n<p>Oaxaca, Oax., a 19 de octubre de 2025.- Al menos una decena de personas lesionadas dej\u00f3 un zafarrancho que se suscit\u00f3 este domingo en la asamblea comunitaria de San Agust\u00edn de las Juntas.<\/p>\n\n\n\n<p>En dicho municipio ubicado en la zona sur de la capital de Oaxaca, se decid\u00eda los nombres de los integrantes del ayuntamiento que iniciar\u00e1 labores el 1 de enero de 2026; sin embargo los \u00e1nimos se caldearon al grado de que se arrojaron sillas entre los ciudadanos.<\/p>\n\n\n\n<p>En un comunicado, la Fiscal\u00eda General del Estado de Oaxaca (FGEO) inform\u00f3 que, a trav\u00e9s de la Fiscal\u00eda Especializada en Delitos Electorales (FEDE), tiene como detenidas a tres personas por los incidentes ocurridos durante la jornada electoral regida bajo los Sistemas Normativos Internos en el municipio de San Agust\u00edn de las Juntas.<\/p>\n\n\n\n<p>\u201cLa intervenci\u00f3n puntual de la Fiscal\u00eda de Oaxaca y la FEDE, permiti\u00f3 iniciar la carpeta correspondiente y llevar a cabo las labores ministeriales especializadas en materia electoral para deslindar responsabilidades en estos hechos.<\/p>\n\n\n\n<p>\u201cMientras que, la actuaci\u00f3n oportuna de la Secretar\u00eda de Seguridad y Protecci\u00f3n Ciudadana (SSPC) logr\u00f3 restablecer la tranquilidad en la comunidad, adem\u00e1s de realizar la detenci\u00f3n de las tres personas que quedaron a disposici\u00f3n de la FEDE\u201d, destac\u00f3.<\/p>\n\n\n\n<p>A\u00f1adi\u00f3 que, de acuerdo con las investigaciones preliminares, un grupo de personas provoc\u00f3 incidentes cuando se llevaba a cabo la Asamblea General de Elecci\u00f3n, quienes agredieron a los participaban en este proceso.<\/p>\n\n\n\n<p>Por su parte, el Gobierno del Estado inform\u00f3 de manera preliminar que la Secretar\u00eda de Seguridad y Protecci\u00f3n Ciudadana (SSPC), mediante la oportuna intervenci\u00f3n de la Polic\u00eda Estatal, fueron detenidas dos personas del sexo masculino, acusadas de irrumpir de forma agresiva la asamblea comunitaria para la renovaci\u00f3n de autoridades en el municipio de San Agust\u00edn de las Juntas.<\/p>\n\n\n\n<p>Indic\u00f3 que los hechos ocurrieron en la explanada del palacio municipal, donde elementos de la Polic\u00eda Estatal, que ya se encontraban desplegados en la zona para garantizar la seguridad de la jornada por Sistemas Normativos Internos, detectaron a un grupo de personas que irrumpi\u00f3 de forma agresiva, causando destrozos e intentando amedrentar a los asistentes.<\/p>\n\n\n\n<p>De inmediato, los cuerpos de seguridad actuaron conforme a los protocolos, logrando la detenci\u00f3n de los dos masculinos se\u00f1alados, quienes quedaron a disposici\u00f3n de la Fiscal\u00eda General del Estado de Oaxaca (FGEO) para que se determine sus responsabilidades legales.<\/p>\n\n\n\n<figure class=\"wp-block-embed is-type-rich is-provider-twitter wp-block-embed-twitter\"><div class=\"wp-block-embed__wrapper\">\n<div class=\"twitter-tweet\"><blockquote class=\"twitter-tweet\" data-lang=\"es\"><p lang=\"es\" dir=\"ltr\">En la elecci\u00f3n por el r\u00e9gimen de Sistemas Normativos Internos de San Agust\u00edn de las Juntas, hubo zafarrancho; las autoridades estatales de Oaxaca reportan dos personas detenidas. <a href=\"https:\/\/t.co\/TcWudNU0cW\">pic.twitter.com\/TcWudNU0cW<\/a><\/p>&mdash; Zona Roja Oaxaca (@ZonaRoja_Oaxaca) <a href=\"https:\/\/twitter.com\/ZonaRoja_Oaxaca\/status\/1980038203768807793?ref_src=twsrc%5Etfw\">19 de octubre de 2025<\/a><\/blockquote><\/div>\n<\/div><\/figure>\n","protected":false},"excerpt":{"rendered":"<p>Raymundo Morales\/Zona Roja. Oaxaca, Oax., a 19 de octubre de 2025.- Al menos una decena&hellip;<\/p>\n","protected":false},"author":2,"featured_media":85973,"comment_status":"closed","ping_status":"open","sticky":false,"template":"","format":"standard","meta":{"_lmt_disableupdate":"","_lmt_disable":"","_jetpack_memberships_contains_paid_content":false,"footnotes":""},"categories":[109,47],"tags":[743],"class_list":["post-85972","post","type-post","status-publish","format-standard","has-post-thumbnail","hentry","category-minuto-a-minuto","category-zona-gris","tag-san-agustin-de-las-juntas"],"jetpack_featured_media_url":"https:\/\/zonaroja.com.mx\/wp-content\/uploads\/2025\/10\/Asamblea-San-Agustin-de-las-Juntas.jpeg","jetpack_sharing_enabled":true,"_links":{"self":[{"href":"https:\/\/zonaroja.com.mx\/index.php?rest_route=\/wp\/v2\/posts\/85972","targetHints":{"allow":["GET"]}}],"collection":[{"href":"https:\/\/zonaroja.com.mx\/index.php?rest_route=\/wp\/v2\/posts"}],"about":[{"href":"https:\/\/zonaroja.com.mx\/index.php?rest_route=\/wp\/v2\/types\/post"}],"author":[{"embeddable":true,"href":"https:\/\/zonaroja.com.mx\/index.php?rest_route=\/wp\/v2\/users\/2"}],"replies":[{"embeddable":true,"href":"https:\/\/zonaroja.com.mx\/index.php?rest_route=%2Fwp%2Fv2%2Fcomments&post=85972"}],"version-history":[{"count":1,"href":"https:\/\/zonaroja.com.mx\/index.php?rest_route=\/wp\/v2\/posts\/85972\/revisions"}],"predecessor-version":[{"id":85974,"href":"https:\/\/zonaroja.com.mx\/index.php?rest_route=\/wp\/v2\/posts\/85972\/revisions\/85974"}],"wp:featuredmedia":[{"embeddable":true,"href":"https:\/\/zonaroja.com.mx\/index.php?rest_route=\/wp\/v2\/media\/85973"}],"wp:attachment":[{"href":"https:\/\/zonaroja.com.mx\/index.php?rest_route=%2Fwp%2Fv2%2Fmedia&parent=85972"}],"wp:term":[{"taxonomy":"category","embeddable":true,"href":"https:\/\/zonaroja.com.mx\/index.php?rest_route=%2Fwp%2Fv2%2Fcategories&post=85972"},{"taxonomy":"post_tag","embeddable":true,"href":"https:\/\/zonaroja.com.mx\/index.php?rest_route=%2Fwp%2Fv2%2Ftags&post=85972"}],"curies":[{"name":"wp","href":"https:\/\/api.w.org\/{rel}","templated":true}]}}