{"id":85975,"date":"2025-10-19T18:27:15","date_gmt":"2025-10-20T00:27:15","guid":{"rendered":"https:\/\/zonaroja.com.mx\/?p=85975"},"modified":"2025-10-19T18:27:18","modified_gmt":"2025-10-20T00:27:18","slug":"magistrados-del-poder-judicial-salen-al-interior-del-estado-a-escuchar-a-sociedad","status":"publish","type":"post","link":"https:\/\/zonaroja.com.mx\/?p=85975","title":{"rendered":"Magistrados del Poder Judicial salen al interior del estado a escuchar a sociedad"},"content":{"rendered":"\n<p>Redacci\u00f3n\/Zona Roja.<\/p>\n\n\n\n<p>Oaxaca, Oax., a 19 de octubre de 2025.- &nbsp;En un hecho hist\u00f3rico para Oaxaca y para el pa\u00eds, el Poder Judicial del Estado inici\u00f3 en el municipio de San Pedro Pochutla, regi\u00f3n de la Costa, las actividades del programa \u201cJusticia m\u00e1s cerca de ti\u201d, una iniciativa in\u00e9dita que acerca a magistradas, magistrados, juezas y jueces con la ciudadan\u00eda, promoviendo el di\u00e1logo directo y la confianza&nbsp;en la instituci\u00f3n.<\/p>\n\n\n\n<p>En un ambiente de apertura y respeto, el pleno del Tribunal Superior de Justicia&nbsp;comparti\u00f3&nbsp;con ciudadanos&nbsp;de esta zona del estado,&nbsp;el quehacer&nbsp;y funciones de cada Sala.&nbsp;<\/p>\n\n\n\n<p>M\u00e1s all\u00e1 de la informaci\u00f3n, el encuentro represent\u00f3 un acto de acercamiento y compromiso, donde la justicia escuch\u00f3 al pueblo y reafirm\u00f3 su vocaci\u00f3n de servicio.<\/p>\n\n\n\n<p>Durante su intervenci\u00f3n, acompa\u00f1ada del presidente municipal&nbsp;Amado Rodr\u00edguez Jij\u00f3n, la&nbsp;magistrada presidenta, Erika Mar\u00eda Rodr\u00edguez Rodr\u00edguez, destac\u00f3 que este programa transforma la manera en que se entiende y se vive la justicia en el territorio&nbsp;e impulsa&nbsp;una relaci\u00f3n m\u00e1s directa y transparente&nbsp;para&nbsp;superar las barreras hist\u00f3ricas que han existido entre&nbsp;la&nbsp;instituci\u00f3n y&nbsp;el pueblo.&nbsp;<\/p>\n\n\n\n<p>Afirm\u00f3 que&nbsp;representa un cambio de paradigma: un Poder Judicial que se acerca y acerca la justicia a las personas, no uno que espera a que las personas lleguen a pedir justicia.&nbsp;<\/p>\n\n\n\n<p>\u201cEs un cambio de actitud, de un comportamiento estrictamente jurisdiccional a uno m\u00e1s democr\u00e1tico, cercano e interactuante con la sociedad que, adem\u00e1s de rendir cuentas, conozca directamente del problema ciudadano y genere acciones para aproximarles la justicia\u201d.<\/p>\n\n\n\n<p>Al mismo tiempo,&nbsp;indic\u00f3,&nbsp;permite que quienes&nbsp;resuelven&nbsp;las controversias lo&nbsp;hagan&nbsp;respetando&nbsp;la igualdad de oportunidades, con independencia judicial e imparcialidad, pero tambi\u00e9n tomando en cuenta el contexto social y cultural de la poblaci\u00f3n, y con la sensibilidad que da el di\u00e1logo, actuar, seg\u00fan el caso, con perspectiva de interculturalidad, de g\u00e9nero, de infancia o de discapacidad.<\/p>\n\n\n\n<p>En este primer encuentro se abordaron temas sobre derechos humanos, justicia ind\u00edgena, mecanismos alternativos de soluci\u00f3n de conflictos y protecci\u00f3n a mujeres v\u00edctimas de violencia de g\u00e9nero, adem\u00e1s de&nbsp;que se brind\u00f3&nbsp;orientaci\u00f3n en diversos asuntos judiciales.<\/p>\n\n\n\n<p>El programa \u201cJusticia m\u00e1s cerca de ti\u201d recorrer\u00e1 las regiones Mixteca, Istmo, Cuenca del Papaloapan, Sierras Norte y Sur, Ca\u00f1ada y Valles Centrales, llevando un mensaje de transformaci\u00f3n, empat\u00eda y cercan\u00eda entre el Poder Judicial y el pueblo de Oaxaca.<\/p>\n","protected":false},"excerpt":{"rendered":"<p>Redacci\u00f3n\/Zona Roja. Oaxaca, Oax., a 19 de octubre de 2025.- &nbsp;En un hecho hist\u00f3rico para&hellip;<\/p>\n","protected":false},"author":2,"featured_media":85976,"comment_status":"closed","ping_status":"open","sticky":false,"template":"","format":"standard","meta":{"_lmt_disableupdate":"","_lmt_disable":"","_jetpack_memberships_contains_paid_content":false,"footnotes":""},"categories":[109,46],"tags":[4430,223],"class_list":["post-85975","post","type-post","status-publish","format-standard","has-post-thumbnail","hentry","category-minuto-a-minuto","category-zona-blanca","tag-erika-maria-rodriguez-rodriguez","tag-poder-judicial-de-oaxaca"],"jetpack_featured_media_url":"https:\/\/zonaroja.com.mx\/wp-content\/uploads\/2025\/10\/poder-Judicial-magistrados-en-Pochutla.jpg","jetpack_sharing_enabled":true,"_links":{"self":[{"href":"https:\/\/zonaroja.com.mx\/index.php?rest_route=\/wp\/v2\/posts\/85975","targetHints":{"allow":["GET"]}}],"collection":[{"href":"https:\/\/zonaroja.com.mx\/index.php?rest_route=\/wp\/v2\/posts"}],"about":[{"href":"https:\/\/zonaroja.com.mx\/index.php?rest_route=\/wp\/v2\/types\/post"}],"author":[{"embeddable":true,"href":"https:\/\/zonaroja.com.mx\/index.php?rest_route=\/wp\/v2\/users\/2"}],"replies":[{"embeddable":true,"href":"https:\/\/zonaroja.com.mx\/index.php?rest_route=%2Fwp%2Fv2%2Fcomments&post=85975"}],"version-history":[{"count":1,"href":"https:\/\/zonaroja.com.mx\/index.php?rest_route=\/wp\/v2\/posts\/85975\/revisions"}],"predecessor-version":[{"id":85977,"href":"https:\/\/zonaroja.com.mx\/index.php?rest_route=\/wp\/v2\/posts\/85975\/revisions\/85977"}],"wp:featuredmedia":[{"embeddable":true,"href":"https:\/\/zonaroja.com.mx\/index.php?rest_route=\/wp\/v2\/media\/85976"}],"wp:attachment":[{"href":"https:\/\/zonaroja.com.mx\/index.php?rest_route=%2Fwp%2Fv2%2Fmedia&parent=85975"}],"wp:term":[{"taxonomy":"category","embeddable":true,"href":"https:\/\/zonaroja.com.mx\/index.php?rest_route=%2Fwp%2Fv2%2Fcategories&post=85975"},{"taxonomy":"post_tag","embeddable":true,"href":"https:\/\/zonaroja.com.mx\/index.php?rest_route=%2Fwp%2Fv2%2Ftags&post=85975"}],"curies":[{"name":"wp","href":"https:\/\/api.w.org\/{rel}","templated":true}]}}